{"id":26893,"global_id":"test.cafelapalma.com\/en?id=26893","global_id_lineage":["test.cafelapalma.com\/en?id=26893"],"author":"2","status":"publish","date":"2023-07-28 10:53:04","date_utc":"2023-07-28 08:53:04","modified":"2023-09-11 16:21:18","modified_utc":"2023-09-11 14:21:18","url":"https:\/\/test.cafelapalma.com\/en\/programacion\/franvvi\/","rest_url":"https:\/\/test.cafelapalma.com\/en\/wp-json\/tribe\/events\/v1\/events\/26893","title":"FRANVVI","description":"<div  class=\"tribe-events-schedule tribe-clearfix\" >\n\t<p class=\"tribe-events-schedule__datetime\">\n\t\t<span class=\"tribe-events-schedule__date tribe-events-schedule__date--start\">\n\t\t\t\t\t<\/span>\n\n\t\t\t\t\t<span class=\"tribe-events-schedule__separator tribe-events-schedule__separator--date\">\n\t\t\t\t@\t\t\t<\/span>\n\t\t\t<span class=\"tribe-events-schedule__time tribe-events-schedule__time--start\">\n\t\t\t\t\t\t\t<\/span>\n\t\t\n\t\t\t<\/p>\n<\/div>\n\n\n<div  class=\"tribe-block tribe-block__event-price\" >\n\t\t<\/div>\n\n\n\n<div style=\"height:100px\" aria-hidden=\"true\" class=\"wp-block-spacer\"><\/div>\n\n\n\n<div class=\"wp-block-columns is-layout-flex wp-container-core-columns-is-layout-9d6595d7 wp-block-columns-is-layout-flex\">\n<div class=\"wp-block-column is-layout-flow wp-block-column-is-layout-flow\" style=\"flex-basis:33.33%\">\n<figure class=\"wp-block-image size-large\"><img decoding=\"async\" width=\"735\" height=\"1040\" src=\"https:\/\/test.cafelapalma.com\/wp-content\/uploads\/2023\/07\/FRANVVI-A3-LOW-735x1040.jpg\" alt=\"\" class=\"wp-image-26894\" srcset=\"https:\/\/test.cafelapalma.com\/wp-content\/uploads\/2023\/07\/FRANVVI-A3-LOW-42x60.jpg 42w, https:\/\/test.cafelapalma.com\/wp-content\/uploads\/2023\/07\/FRANVVI-A3-LOW-212x300.jpg 212w, https:\/\/test.cafelapalma.com\/wp-content\/uploads\/2023\/07\/FRANVVI-A3-LOW-735x1040.jpg 735w, https:\/\/test.cafelapalma.com\/wp-content\/uploads\/2023\/07\/FRANVVI-A3-LOW-768x1086.jpg 768w, https:\/\/test.cafelapalma.com\/wp-content\/uploads\/2023\/07\/FRANVVI-A3-LOW-1086x1536.jpg 1086w, https:\/\/test.cafelapalma.com\/wp-content\/uploads\/2023\/07\/FRANVVI-A3-LOW-1448x2048.jpg 1448w\" sizes=\"(max-width: 735px) 100vw, 735px\" \/><\/figure>\n<\/div>\n\n\n\n<div class=\"wp-block-column is-layout-flow wp-block-column-is-layout-flow\" style=\"flex-basis:66.66%\">\n<div style=\"height:100px\" aria-hidden=\"true\" class=\"wp-block-spacer\"><\/div>\n\n\n\n<p class=\"has-text-align-left\">El pop luminoso de <strong>FRANVVI <\/strong>tiene un camino claro, emocionar e identificarse con el d\u00eda a d\u00eda de una generaci\u00f3n y un directo que muestra una propuesta musical, art\u00edsticamente coherente, deliberadamente directa y sin artificios, madurada bajo una identidad que tiene cabida en el panorama actual, que mezcla elementos urbanos y modernos, pero en el que predominan los instrumentos org\u00e1nicos y la atenci\u00f3n a los detalles sonoros.<\/p>\n\n\n\n<p class=\"has-text-align-left\">Con la producci\u00f3n de directo de <strong>Dani S\u00e1nchez<\/strong> de <strong>Arde Bogot\u00e1<\/strong>, <strong>Francisco Vicente Conesa<\/strong>, es <strong>FRANVVI<\/strong>, que acompa\u00f1ado de una banda de sobrada solvencia, <strong>Kuko<\/strong>, <strong>Miguel<\/strong>, <strong>Nacho <\/strong>y <strong>Alejandro<\/strong>, hacen pop con gui\u00f1os al rock y sonidos modernos, cargado de energ\u00eda, sentimiento y diversi\u00f3n para hacer llegar lejos de todo lo que pueda hacer da\u00f1o y cortar las alas.<\/p>\n<\/div>\n<\/div>\n\n\n\n<div style=\"height:100px\" aria-hidden=\"true\" class=\"wp-block-spacer\"><\/div>\n\n\n\n<hr class=\"wp-block-separator has-alpha-channel-opacity\"\/>\n\n\n\n<div style=\"height:100px\" aria-hidden=\"true\" class=\"wp-block-spacer\"><\/div>","excerpt":"","slug":"franvvi","image":{"url":"https:\/\/test.cafelapalma.com\/wp-content\/uploads\/2023\/07\/franvvifront.jpg","id":26895,"extension":"jpg","width":190,"height":266,"filesize":8741,"sizes":{"thumbnail":{"width":150,"height":150,"mime-type":"image\/jpeg","filesize":6342,"url":"https:\/\/test.cafelapalma.com\/wp-content\/uploads\/2023\/07\/franvvifront-150x150.jpg"},"blossom-feminine-related":{"width":190,"height":200,"mime-type":"image\/jpeg","filesize":9912,"url":"https:\/\/test.cafelapalma.com\/wp-content\/uploads\/2023\/07\/franvvifront-190x200.jpg"},"blossom-feminine-schema":{"width":43,"height":60,"mime-type":"image\/jpeg","filesize":1447,"url":"https:\/\/test.cafelapalma.com\/wp-content\/uploads\/2023\/07\/franvvifront-43x60.jpg"}}},"all_day":false,"start_date":"2023-09-13 21:00:00","start_date_details":{"year":"2023","month":"09","day":"13","hour":"21","minutes":"00","seconds":"00"},"end_date":"2023-09-13 23:00:00","end_date_details":{"year":"2023","month":"09","day":"13","hour":"23","minutes":"00","seconds":"00"},"utc_start_date":"2023-09-13 19:00:00","utc_start_date_details":{"year":"2023","month":"09","day":"13","hour":"19","minutes":"00","seconds":"00"},"utc_end_date":"2023-09-13 21:00:00","utc_end_date_details":{"year":"2023","month":"09","day":"13","hour":"21","minutes":"00","seconds":"00"},"timezone":"Europe\/Madrid","timezone_abbr":"","cost":"ENTRADAS AGOTADAS","cost_details":{"currency_symbol":"\u20ac","currency_code":"USD","currency_position":"suffix","values":["entradas-agotadas"]},"website":"https:\/\/sonbuenos.compralaentrada.com\/eventos\/7487\/7293","show_map":false,"show_map_link":false,"hide_from_listings":false,"sticky":false,"featured":false,"categories":[{"name":"Concierto","slug":"concierto","term_group":0,"term_taxonomy_id":8963,"taxonomy":"tribe_events_cat","description":"","parent":0,"count":952,"filter":"raw","id":8963,"urls":{"self":"https:\/\/test.cafelapalma.com\/en\/wp-json\/tribe\/events\/v1\/categories\/8963","collection":"https:\/\/test.cafelapalma.com\/en\/wp-json\/tribe\/events\/v1\/categories"}}],"tags":[{"name":"3NSD","slug":"3nsd","term_group":0,"term_taxonomy_id":14049,"taxonomy":"post_tag","description":"","parent":0,"count":1,"filter":"raw","id":14049,"urls":{"self":"https:\/\/test.cafelapalma.com\/en\/wp-json\/tribe\/events\/v1\/tags\/14049","collection":"https:\/\/test.cafelapalma.com\/en\/wp-json\/tribe\/events\/v1\/tags"}},{"name":"Arde Bogot\u00e1","slug":"arde-bogota","term_group":0,"term_taxonomy_id":14040,"taxonomy":"post_tag","description":"","parent":0,"count":2,"filter":"raw","id":14040,"urls":{"self":"https:\/\/test.cafelapalma.com\/en\/wp-json\/tribe\/events\/v1\/tags\/14040","collection":"https:\/\/test.cafelapalma.com\/en\/wp-json\/tribe\/events\/v1\/tags"}},{"name":"Bely Basarte","slug":"bely-basarte","term_group":0,"term_taxonomy_id":14045,"taxonomy":"post_tag","description":"","parent":0,"count":3,"filter":"raw","id":14045,"urls":{"self":"https:\/\/test.cafelapalma.com\/en\/wp-json\/tribe\/events\/v1\/tags\/14045","collection":"https:\/\/test.cafelapalma.com\/en\/wp-json\/tribe\/events\/v1\/tags"}},{"name":"cafe la palma","slug":"cafe-la-palma-2","term_group":0,"term_taxonomy_id":8869,"taxonomy":"post_tag","description":"","parent":0,"count":934,"filter":"raw","id":8869,"urls":{"self":"https:\/\/test.cafelapalma.com\/en\/wp-json\/tribe\/events\/v1\/tags\/8869","collection":"https:\/\/test.cafelapalma.com\/en\/wp-json\/tribe\/events\/v1\/tags"}},{"name":"Caf\u00e9 la Palma","slug":"cafe-la-palma","term_group":0,"term_taxonomy_id":79,"taxonomy":"post_tag","description":"","parent":0,"count":1494,"filter":"raw","id":1363,"urls":{"self":"https:\/\/test.cafelapalma.com\/en\/wp-json\/tribe\/events\/v1\/tags\/1363","collection":"https:\/\/test.cafelapalma.com\/en\/wp-json\/tribe\/events\/v1\/tags"}},{"name":"Conciertos Cafe La Palma","slug":"conciertos-cafe-la-palma","term_group":0,"term_taxonomy_id":2865,"taxonomy":"post_tag","description":"","parent":0,"count":1007,"filter":"raw","id":2865,"urls":{"self":"https:\/\/test.cafelapalma.com\/en\/wp-json\/tribe\/events\/v1\/tags\/2865","collection":"https:\/\/test.cafelapalma.com\/en\/wp-json\/tribe\/events\/v1\/tags"}},{"name":"Conciertos Madrid","slug":"conciertos-madrid","term_group":0,"term_taxonomy_id":9147,"taxonomy":"post_tag","description":"","parent":0,"count":965,"filter":"raw","id":9147,"urls":{"self":"https:\/\/test.cafelapalma.com\/en\/wp-json\/tribe\/events\/v1\/tags\/9147","collection":"https:\/\/test.cafelapalma.com\/en\/wp-json\/tribe\/events\/v1\/tags"}},{"name":"Conciertos Malasa\u00f1a","slug":"conciertos-malasana","term_group":0,"term_taxonomy_id":9146,"taxonomy":"post_tag","description":"","parent":0,"count":1027,"filter":"raw","id":9146,"urls":{"self":"https:\/\/test.cafelapalma.com\/en\/wp-json\/tribe\/events\/v1\/tags\/9146","collection":"https:\/\/test.cafelapalma.com\/en\/wp-json\/tribe\/events\/v1\/tags"}},{"name":"Dani S\u00e1nchez","slug":"dani-sanchez","term_group":0,"term_taxonomy_id":14043,"taxonomy":"post_tag","description":"","parent":0,"count":1,"filter":"raw","id":14043,"urls":{"self":"https:\/\/test.cafelapalma.com\/en\/wp-json\/tribe\/events\/v1\/tags\/14043","collection":"https:\/\/test.cafelapalma.com\/en\/wp-json\/tribe\/events\/v1\/tags"}},{"name":"David Otero","slug":"david-otero","term_group":0,"term_taxonomy_id":14047,"taxonomy":"post_tag","description":"","parent":0,"count":1,"filter":"raw","id":14047,"urls":{"self":"https:\/\/test.cafelapalma.com\/en\/wp-json\/tribe\/events\/v1\/tags\/14047","collection":"https:\/\/test.cafelapalma.com\/en\/wp-json\/tribe\/events\/v1\/tags"}},{"name":"Francisco Vicente Conesa","slug":"francisco-vicente-conesa","term_group":0,"term_taxonomy_id":14044,"taxonomy":"post_tag","description":"","parent":0,"count":1,"filter":"raw","id":14044,"urls":{"self":"https:\/\/test.cafelapalma.com\/en\/wp-json\/tribe\/events\/v1\/tags\/14044","collection":"https:\/\/test.cafelapalma.com\/en\/wp-json\/tribe\/events\/v1\/tags"}},{"name":"Franvvi","slug":"franvvi","term_group":0,"term_taxonomy_id":14042,"taxonomy":"post_tag","description":"","parent":0,"count":1,"filter":"raw","id":14042,"urls":{"self":"https:\/\/test.cafelapalma.com\/en\/wp-json\/tribe\/events\/v1\/tags\/14042","collection":"https:\/\/test.cafelapalma.com\/en\/wp-json\/tribe\/events\/v1\/tags"}},{"name":"Mar de Cristal","slug":"mar-de-cristal","term_group":0,"term_taxonomy_id":14048,"taxonomy":"post_tag","description":"","parent":0,"count":1,"filter":"raw","id":14048,"urls":{"self":"https:\/\/test.cafelapalma.com\/en\/wp-json\/tribe\/events\/v1\/tags\/14048","collection":"https:\/\/test.cafelapalma.com\/en\/wp-json\/tribe\/events\/v1\/tags"}},{"name":"Paris (Orly)","slug":"paris-orly","term_group":0,"term_taxonomy_id":14046,"taxonomy":"post_tag","description":"","parent":0,"count":1,"filter":"raw","id":14046,"urls":{"self":"https:\/\/test.cafelapalma.com\/en\/wp-json\/tribe\/events\/v1\/tags\/14046","collection":"https:\/\/test.cafelapalma.com\/en\/wp-json\/tribe\/events\/v1\/tags"}},{"name":"Pop","slug":"pop","term_group":0,"term_taxonomy_id":567,"taxonomy":"post_tag","description":"","parent":0,"count":523,"filter":"raw","id":1355,"urls":{"self":"https:\/\/test.cafelapalma.com\/en\/wp-json\/tribe\/events\/v1\/tags\/1355","collection":"https:\/\/test.cafelapalma.com\/en\/wp-json\/tribe\/events\/v1\/tags"}},{"name":"Pop Rock","slug":"pop-rock-2","term_group":0,"term_taxonomy_id":9164,"taxonomy":"post_tag","description":"","parent":0,"count":90,"filter":"raw","id":9164,"urls":{"self":"https:\/\/test.cafelapalma.com\/en\/wp-json\/tribe\/events\/v1\/tags\/9164","collection":"https:\/\/test.cafelapalma.com\/en\/wp-json\/tribe\/events\/v1\/tags"}},{"name":"Rock","slug":"rock","term_group":0,"term_taxonomy_id":566,"taxonomy":"post_tag","description":"","parent":0,"count":273,"filter":"raw","id":1354,"urls":{"self":"https:\/\/test.cafelapalma.com\/en\/wp-json\/tribe\/events\/v1\/tags\/1354","collection":"https:\/\/test.cafelapalma.com\/en\/wp-json\/tribe\/events\/v1\/tags"}},{"name":"Son Buenos","slug":"son-buenos","term_group":0,"term_taxonomy_id":14039,"taxonomy":"post_tag","description":"","parent":0,"count":1,"filter":"raw","id":14039,"urls":{"self":"https:\/\/test.cafelapalma.com\/en\/wp-json\/tribe\/events\/v1\/tags\/14039","collection":"https:\/\/test.cafelapalma.com\/en\/wp-json\/tribe\/events\/v1\/tags"}}],"venue":[],"organizer":[],"custom_fields":[],"json_ld":{"@context":"http:\/\/schema.org","@type":"Event","name":"FRANVVI","description":"&lt;p&gt;El pop luminoso de FRANVVI tiene un camino claro, emocionar  [...]&lt;\/p&gt;\\n","image":"https:\/\/test.cafelapalma.com\/wp-content\/uploads\/2023\/07\/franvvifront.jpg","url":"https:\/\/test.cafelapalma.com\/en\/programacion\/franvvi\/","eventAttendanceMode":"https:\/\/schema.org\/OfflineEventAttendanceMode","eventStatus":"https:\/\/schema.org\/EventScheduled","startDate":"2023-09-13T21:00:00+02:00","endDate":"2023-09-13T23:00:00+02:00","offers":{"@type":"Offer","price":"ENTRADAS AGOTADAS","priceCurrency":"USD","url":"https:\/\/test.cafelapalma.com\/en\/programacion\/franvvi\/","category":"primary","availability":"inStock","validFrom":"1970-01-01T00:00:00+00:00"},"performer":"Organization"},"is_virtual":false,"virtual_url":null,"virtual_video_source":""}