{"id":26980,"global_id":"test.cafelapalma.com\/en?id=26980","global_id_lineage":["test.cafelapalma.com\/en?id=26980"],"author":"2","status":"publish","date":"2023-08-11 18:54:09","date_utc":"2023-08-11 16:54:09","modified":"2023-10-12 10:23:29","modified_utc":"2023-10-12 08:23:29","url":"https:\/\/test.cafelapalma.com\/en\/programacion\/mardom-maylaya\/","rest_url":"https:\/\/test.cafelapalma.com\/en\/wp-json\/tribe\/events\/v1\/events\/26980","title":"MARDOM + MAYLAYA","description":"<div  class=\"tribe-events-schedule tribe-clearfix\" >\n\t<p class=\"tribe-events-schedule__datetime\">\n\t\t<span class=\"tribe-events-schedule__date tribe-events-schedule__date--start\">\n\t\t\t\t\t<\/span>\n\n\t\t\t\t\t<span class=\"tribe-events-schedule__separator tribe-events-schedule__separator--date\">\n\t\t\t\t@\t\t\t<\/span>\n\t\t\t<span class=\"tribe-events-schedule__time tribe-events-schedule__time--start\">\n\t\t\t\t\t\t\t<\/span>\n\t\t\n\t\t\t<\/p>\n<\/div>\n\n\n<div  class=\"tribe-block tribe-block__event-price\" >\n\t\t\t\t<span class=\"tribe-block__event-price__description\">#soldout<\/span>\n\t<\/div>\n\n\n\n<div style=\"height:100px\" aria-hidden=\"true\" class=\"wp-block-spacer\"><\/div>\n\n\n\n<div class=\"wp-block-columns is-layout-flex wp-container-core-columns-is-layout-9d6595d7 wp-block-columns-is-layout-flex\">\n<div class=\"wp-block-column is-layout-flow wp-block-column-is-layout-flow\" style=\"flex-basis:33.33%\">\n<figure class=\"wp-block-image size-large\"><img decoding=\"async\" width=\"735\" height=\"1040\" src=\"https:\/\/test.cafelapalma.com\/wp-content\/uploads\/2023\/08\/MARDOM-A3-LOW-735x1040.jpg\" alt=\"\" class=\"wp-image-26998\" srcset=\"https:\/\/test.cafelapalma.com\/wp-content\/uploads\/2023\/08\/MARDOM-A3-LOW-42x60.jpg 42w, https:\/\/test.cafelapalma.com\/wp-content\/uploads\/2023\/08\/MARDOM-A3-LOW-212x300.jpg 212w, https:\/\/test.cafelapalma.com\/wp-content\/uploads\/2023\/08\/MARDOM-A3-LOW-735x1040.jpg 735w, https:\/\/test.cafelapalma.com\/wp-content\/uploads\/2023\/08\/MARDOM-A3-LOW-768x1086.jpg 768w, https:\/\/test.cafelapalma.com\/wp-content\/uploads\/2023\/08\/MARDOM-A3-LOW-1086x1536.jpg 1086w, https:\/\/test.cafelapalma.com\/wp-content\/uploads\/2023\/08\/MARDOM-A3-LOW-1448x2048.jpg 1448w, https:\/\/test.cafelapalma.com\/wp-content\/uploads\/2023\/08\/MARDOM-A3-LOW.jpg 1587w\" sizes=\"(max-width: 735px) 100vw, 735px\" \/><\/figure>\n<\/div>\n\n\n\n<div class=\"wp-block-column is-layout-flow wp-block-column-is-layout-flow\" style=\"flex-basis:66.66%\">\n<div style=\"height:100px\" aria-hidden=\"true\" class=\"wp-block-spacer\"><\/div>\n\n\n\n<p class=\"has-text-align-left\"><strong>MARDOM<\/strong>, artista asturiano actualmente afincado en <strong>Madrid<\/strong>, mezcla el amor por el soul y el funk con las letras del indie espa\u00f1ol. Reci\u00e9n grabado su primer disco, ha recorrido ya diversas salas del panorama nacional as\u00ed como tocado en festivales junto a <strong>Vetusta Morla<\/strong> o <strong>Viva Suecia<\/strong>.<\/p>\n\n\n\n<p class=\"has-text-align-left\">Este es su primer concierto en <strong>Madrid <\/strong>tras un a\u00f1o perfeccionando el \u00e1lbum por lo que muchas de estas nuevas canciones ser\u00e1n tocadas por primera vez en la capital. Para dar el colof\u00f3n final al evento, le acompa\u00f1ar\u00e1 <strong>MAYLAYA<\/strong>, banda emergente alcala\u00edna que tras su \u00faltimo single <strong><em>\u00abEl Milagro\u00bb<\/em><\/strong> vienen a presentarnos algunos de sus pr\u00f3ximos temas.<\/p>\n<\/div>\n<\/div>\n\n\n\n<div style=\"height:100px\" aria-hidden=\"true\" class=\"wp-block-spacer\"><\/div>\n\n\n\n<hr class=\"wp-block-separator has-alpha-channel-opacity\"\/>\n\n\n\n<div style=\"height:100px\" aria-hidden=\"true\" class=\"wp-block-spacer\"><\/div>","excerpt":"","slug":"mardom-maylaya","image":{"url":"https:\/\/test.cafelapalma.com\/wp-content\/uploads\/2023\/08\/MARDOMPIC.jpg","id":26982,"extension":"jpg","width":400,"height":400,"filesize":36918,"sizes":{"medium":{"width":300,"height":300,"mime-type":"image\/jpeg","filesize":22729,"url":"https:\/\/test.cafelapalma.com\/wp-content\/uploads\/2023\/08\/MARDOMPIC-300x300.jpg"},"thumbnail":{"width":150,"height":150,"mime-type":"image\/jpeg","filesize":8417,"url":"https:\/\/test.cafelapalma.com\/wp-content\/uploads\/2023\/08\/MARDOMPIC-150x150.jpg"},"blossom-feminine-cat":{"width":400,"height":300,"mime-type":"image\/jpeg","filesize":27686,"url":"https:\/\/test.cafelapalma.com\/wp-content\/uploads\/2023\/08\/MARDOMPIC-400x300.jpg"},"blossom-feminine-related":{"width":320,"height":200,"mime-type":"image\/jpeg","filesize":15525,"url":"https:\/\/test.cafelapalma.com\/wp-content\/uploads\/2023\/08\/MARDOMPIC-320x200.jpg"},"blossom-feminine-schema":{"width":60,"height":60,"mime-type":"image\/jpeg","filesize":2675,"url":"https:\/\/test.cafelapalma.com\/wp-content\/uploads\/2023\/08\/MARDOMPIC-60x60.jpg"}}},"all_day":false,"start_date":"2023-10-11 21:00:00","start_date_details":{"year":"2023","month":"10","day":"11","hour":"21","minutes":"00","seconds":"00"},"end_date":"2023-10-11 23:45:00","end_date_details":{"year":"2023","month":"10","day":"11","hour":"23","minutes":"45","seconds":"00"},"utc_start_date":"2023-10-11 19:00:00","utc_start_date_details":{"year":"2023","month":"10","day":"11","hour":"19","minutes":"00","seconds":"00"},"utc_end_date":"2023-10-11 21:45:00","utc_end_date_details":{"year":"2023","month":"10","day":"11","hour":"21","minutes":"45","seconds":"00"},"timezone":"Europe\/Madrid","timezone_abbr":"","cost":"ENTRADAS AGOTADAS","cost_details":{"currency_symbol":"\u20ac","currency_code":"USD","currency_position":"suffix","values":["entradas-agotadas"]},"website":"https:\/\/www.passline.com\/eventos\/mardom-maylaya","show_map":false,"show_map_link":false,"hide_from_listings":false,"sticky":false,"featured":false,"categories":[{"name":"Concierto","slug":"concierto","term_group":0,"term_taxonomy_id":8963,"taxonomy":"tribe_events_cat","description":"","parent":0,"count":952,"filter":"raw","id":8963,"urls":{"self":"https:\/\/test.cafelapalma.com\/en\/wp-json\/tribe\/events\/v1\/categories\/8963","collection":"https:\/\/test.cafelapalma.com\/en\/wp-json\/tribe\/events\/v1\/categories"}}],"tags":[{"name":"Alcal\u00e1 de Henares","slug":"alcala-de-henares","term_group":0,"term_taxonomy_id":9678,"taxonomy":"post_tag","description":"","parent":0,"count":6,"filter":"raw","id":9678,"urls":{"self":"https:\/\/test.cafelapalma.com\/en\/wp-json\/tribe\/events\/v1\/tags\/9678","collection":"https:\/\/test.cafelapalma.com\/en\/wp-json\/tribe\/events\/v1\/tags"}},{"name":"Caf\u00e9 la Palma","slug":"cafe-la-palma","term_group":0,"term_taxonomy_id":79,"taxonomy":"post_tag","description":"","parent":0,"count":1494,"filter":"raw","id":1363,"urls":{"self":"https:\/\/test.cafelapalma.com\/en\/wp-json\/tribe\/events\/v1\/tags\/1363","collection":"https:\/\/test.cafelapalma.com\/en\/wp-json\/tribe\/events\/v1\/tags"}},{"name":"cafe la palma","slug":"cafe-la-palma-2","term_group":0,"term_taxonomy_id":8869,"taxonomy":"post_tag","description":"","parent":0,"count":934,"filter":"raw","id":8869,"urls":{"self":"https:\/\/test.cafelapalma.com\/en\/wp-json\/tribe\/events\/v1\/tags\/8869","collection":"https:\/\/test.cafelapalma.com\/en\/wp-json\/tribe\/events\/v1\/tags"}},{"name":"Conciertos Cafe La Palma","slug":"conciertos-cafe-la-palma","term_group":0,"term_taxonomy_id":2865,"taxonomy":"post_tag","description":"","parent":0,"count":1007,"filter":"raw","id":2865,"urls":{"self":"https:\/\/test.cafelapalma.com\/en\/wp-json\/tribe\/events\/v1\/tags\/2865","collection":"https:\/\/test.cafelapalma.com\/en\/wp-json\/tribe\/events\/v1\/tags"}},{"name":"Conciertos Madrid","slug":"conciertos-madrid","term_group":0,"term_taxonomy_id":9147,"taxonomy":"post_tag","description":"","parent":0,"count":965,"filter":"raw","id":9147,"urls":{"self":"https:\/\/test.cafelapalma.com\/en\/wp-json\/tribe\/events\/v1\/tags\/9147","collection":"https:\/\/test.cafelapalma.com\/en\/wp-json\/tribe\/events\/v1\/tags"}},{"name":"Conciertos Malasa\u00f1a","slug":"conciertos-malasana","term_group":0,"term_taxonomy_id":9146,"taxonomy":"post_tag","description":"","parent":0,"count":1027,"filter":"raw","id":9146,"urls":{"self":"https:\/\/test.cafelapalma.com\/en\/wp-json\/tribe\/events\/v1\/tags\/9146","collection":"https:\/\/test.cafelapalma.com\/en\/wp-json\/tribe\/events\/v1\/tags"}},{"name":"El Milagro","slug":"el-milagro","term_group":0,"term_taxonomy_id":14114,"taxonomy":"post_tag","description":"","parent":0,"count":1,"filter":"raw","id":14114,"urls":{"self":"https:\/\/test.cafelapalma.com\/en\/wp-json\/tribe\/events\/v1\/tags\/14114","collection":"https:\/\/test.cafelapalma.com\/en\/wp-json\/tribe\/events\/v1\/tags"}},{"name":"Funk","slug":"funk","term_group":0,"term_taxonomy_id":814,"taxonomy":"post_tag","description":"","parent":0,"count":161,"filter":"raw","id":779,"urls":{"self":"https:\/\/test.cafelapalma.com\/en\/wp-json\/tribe\/events\/v1\/tags\/779","collection":"https:\/\/test.cafelapalma.com\/en\/wp-json\/tribe\/events\/v1\/tags"}},{"name":"indie","slug":"indie","term_group":0,"term_taxonomy_id":8970,"taxonomy":"post_tag","description":"","parent":0,"count":309,"filter":"raw","id":8970,"urls":{"self":"https:\/\/test.cafelapalma.com\/en\/wp-json\/tribe\/events\/v1\/tags\/8970","collection":"https:\/\/test.cafelapalma.com\/en\/wp-json\/tribe\/events\/v1\/tags"}},{"name":"Mardom","slug":"mardom","term_group":0,"term_taxonomy_id":14101,"taxonomy":"post_tag","description":"","parent":0,"count":1,"filter":"raw","id":14101,"urls":{"self":"https:\/\/test.cafelapalma.com\/en\/wp-json\/tribe\/events\/v1\/tags\/14101","collection":"https:\/\/test.cafelapalma.com\/en\/wp-json\/tribe\/events\/v1\/tags"}},{"name":"Maylaya","slug":"maylaya","term_group":0,"term_taxonomy_id":11988,"taxonomy":"post_tag","description":"","parent":0,"count":2,"filter":"raw","id":11988,"urls":{"self":"https:\/\/test.cafelapalma.com\/en\/wp-json\/tribe\/events\/v1\/tags\/11988","collection":"https:\/\/test.cafelapalma.com\/en\/wp-json\/tribe\/events\/v1\/tags"}},{"name":"Pop","slug":"pop","term_group":0,"term_taxonomy_id":567,"taxonomy":"post_tag","description":"","parent":0,"count":523,"filter":"raw","id":1355,"urls":{"self":"https:\/\/test.cafelapalma.com\/en\/wp-json\/tribe\/events\/v1\/tags\/1355","collection":"https:\/\/test.cafelapalma.com\/en\/wp-json\/tribe\/events\/v1\/tags"}},{"name":"Soul","slug":"soul","term_group":0,"term_taxonomy_id":9620,"taxonomy":"post_tag","description":"","parent":0,"count":98,"filter":"raw","id":9620,"urls":{"self":"https:\/\/test.cafelapalma.com\/en\/wp-json\/tribe\/events\/v1\/tags\/9620","collection":"https:\/\/test.cafelapalma.com\/en\/wp-json\/tribe\/events\/v1\/tags"}}],"venue":[],"organizer":[],"custom_fields":[],"json_ld":{"@context":"http:\/\/schema.org","@type":"Event","name":"MARDOM + MAYLAYA","description":"&lt;p&gt;MARDOM, artista asturiano actualmente afincado en Madrid, mezcla el amor  [...]&lt;\/p&gt;\\n","image":"https:\/\/test.cafelapalma.com\/wp-content\/uploads\/2023\/08\/MARDOMPIC.jpg","url":"https:\/\/test.cafelapalma.com\/en\/programacion\/mardom-maylaya\/","eventAttendanceMode":"https:\/\/schema.org\/OfflineEventAttendanceMode","eventStatus":"https:\/\/schema.org\/EventScheduled","startDate":"2023-10-11T21:00:00+02:00","endDate":"2023-10-11T23:45:00+02:00","offers":{"@type":"Offer","price":"ENTRADAS AGOTADAS","priceCurrency":"USD","url":"https:\/\/test.cafelapalma.com\/en\/programacion\/mardom-maylaya\/","category":"primary","availability":"inStock","validFrom":"2023-11-08T00:00:00+00:00"},"performer":"Organization"},"is_virtual":false,"virtual_url":null,"virtual_video_source":""}