{"id":27348,"global_id":"test.cafelapalma.com\/en?id=27348","global_id_lineage":["test.cafelapalma.com\/en?id=27348"],"author":"2","status":"publish","date":"2023-10-09 17:47:40","date_utc":"2023-10-09 15:47:40","modified":"2023-10-19 16:24:52","modified_utc":"2023-10-19 14:24:52","url":"https:\/\/test.cafelapalma.com\/en\/programacion\/pacifica\/","rest_url":"https:\/\/test.cafelapalma.com\/en\/wp-json\/tribe\/events\/v1\/events\/27348","title":"PACIFICA","description":"<div  class=\"tribe-events-schedule tribe-clearfix\" >\n\t<p class=\"tribe-events-schedule__datetime\">\n\t\t<span class=\"tribe-events-schedule__date tribe-events-schedule__date--start\">\n\t\t\t\t\t<\/span>\n\n\t\t\t\t\t<span class=\"tribe-events-schedule__separator tribe-events-schedule__separator--date\">\n\t\t\t\t@\t\t\t<\/span>\n\t\t\t<span class=\"tribe-events-schedule__time tribe-events-schedule__time--start\">\n\t\t\t\t\t\t\t<\/span>\n\t\t\n\t\t\t<\/p>\n<\/div>\n\n\n<div  class=\"tribe-block tribe-block__event-price\" >\n\t\t\t\t<span class=\"tribe-block__event-price__description\">#soldout<\/span>\n\t<\/div>\n\n\n\n<div style=\"height:100px\" aria-hidden=\"true\" class=\"wp-block-spacer\"><\/div>\n\n\n\n<div class=\"wp-block-columns is-layout-flex wp-container-core-columns-is-layout-9d6595d7 wp-block-columns-is-layout-flex\">\n<div class=\"wp-block-column is-layout-flow wp-block-column-is-layout-flow\" style=\"flex-basis:33.33%\">\n<figure class=\"wp-block-image size-large\"><img decoding=\"async\" width=\"693\" height=\"1040\" src=\"https:\/\/test.cafelapalma.com\/wp-content\/uploads\/2023\/10\/PACIFICA-A3-LOW-693x1040.jpg\" alt=\"\" class=\"wp-image-27349\" srcset=\"https:\/\/test.cafelapalma.com\/wp-content\/uploads\/2023\/10\/PACIFICA-A3-LOW-40x60.jpg 40w, https:\/\/test.cafelapalma.com\/wp-content\/uploads\/2023\/10\/PACIFICA-A3-LOW-200x300.jpg 200w, https:\/\/test.cafelapalma.com\/wp-content\/uploads\/2023\/10\/PACIFICA-A3-LOW-693x1040.jpg 693w, https:\/\/test.cafelapalma.com\/wp-content\/uploads\/2023\/10\/PACIFICA-A3-LOW-768x1152.jpg 768w, https:\/\/test.cafelapalma.com\/wp-content\/uploads\/2023\/10\/PACIFICA-A3-LOW-1024x1536.jpg 1024w, https:\/\/test.cafelapalma.com\/wp-content\/uploads\/2023\/10\/PACIFICA-A3-LOW-1365x2048.jpg 1365w\" sizes=\"(max-width: 693px) 100vw, 693px\" \/><\/figure>\n<\/div>\n\n\n\n<div class=\"wp-block-column is-layout-flow wp-block-column-is-layout-flow\" style=\"flex-basis:66.66%\">\n<div style=\"height:100px\" aria-hidden=\"true\" class=\"wp-block-spacer\"><\/div>\n\n\n\n<p class=\"has-text-align-left\"><strong>PACIFICA <\/strong>es un d\u00fao formado por dos amigas que se conocieron por su fanatismo por el rock. En 2023 lanzan sus primeros singles, <strong><em>\u201cWith or Without You\u201d<\/em><\/strong>, <strong><em>\u201cAnita\u201d<\/em><\/strong> y<strong><em> \u201cPremature Rejection\u201d<\/em><\/strong>, todos con gran recepci\u00f3n del p\u00fablico y prensa especializada, logrando buenas cr\u00edticas de medios como <strong>Rolling Stone<\/strong>, <strong>Billboard<\/strong>, etc.&nbsp; Durante este periodo tambi\u00e9n lograron confirmar su presencia en su primer gran festival, <strong>Primavera Sound<\/strong>.<\/p>\n\n\n\n<p class=\"has-text-align-left\"><strong><em>\u201cFreak Scene\u201d<\/em><\/strong>, su disco debut, sali\u00f3 al mundo el pasado septiembre y <strong>Pac\u00edfica <\/strong>ya est\u00e1 trabajando en su primer tour por las principales ciudades del mundo para presentarlo en vivo. El disco abarca una variedad de sonidos, yendo desde lo garagero y oscuro a lo dulce y pop por momentos. Es un reflejo de sus influencias: son canciones hechas por fans de la m\u00fasica que quieren hacer m\u00fasica de la que ser\u00edan fans. Pac\u00edfica se introduce al mundo como una banda de rock de la que no te vas a poder olvidar.<\/p>\n<\/div>\n<\/div>\n\n\n\n<div style=\"height:100px\" aria-hidden=\"true\" class=\"wp-block-spacer\"><\/div>\n\n\n\n<hr class=\"wp-block-separator has-alpha-channel-opacity\"\/>\n\n\n\n<div style=\"height:100px\" aria-hidden=\"true\" class=\"wp-block-spacer\"><\/div>","excerpt":"","slug":"pacifica","image":{"url":"https:\/\/test.cafelapalma.com\/wp-content\/uploads\/2023\/10\/PACIFICA-LOWPIC-scaled.jpg","id":27350,"extension":"jpg","width":2000,"height":3000,"filesize":1146251,"sizes":{"medium":{"width":200,"height":300,"mime-type":"image\/jpeg","filesize":20682,"url":"https:\/\/test.cafelapalma.com\/wp-content\/uploads\/2023\/10\/PACIFICA-LOWPIC-200x300.jpg"},"large":{"width":693,"height":1040,"mime-type":"image\/jpeg","filesize":198737,"url":"https:\/\/test.cafelapalma.com\/wp-content\/uploads\/2023\/10\/PACIFICA-LOWPIC-693x1040.jpg"},"thumbnail":{"width":150,"height":150,"mime-type":"image\/jpeg","filesize":8541,"url":"https:\/\/test.cafelapalma.com\/wp-content\/uploads\/2023\/10\/PACIFICA-LOWPIC-150x150.jpg"},"medium_large":{"width":768,"height":1152,"mime-type":"image\/jpeg","filesize":234474,"url":"https:\/\/test.cafelapalma.com\/wp-content\/uploads\/2023\/10\/PACIFICA-LOWPIC-768x1152.jpg"},"1536x1536":{"width":1024,"height":1536,"mime-type":"image\/jpeg","filesize":386951,"url":"https:\/\/test.cafelapalma.com\/wp-content\/uploads\/2023\/10\/PACIFICA-LOWPIC-1024x1536.jpg"},"2048x2048":{"width":1365,"height":2048,"mime-type":"image\/jpeg","filesize":628588,"url":"https:\/\/test.cafelapalma.com\/wp-content\/uploads\/2023\/10\/PACIFICA-LOWPIC-1365x2048.jpg"},"blossom-feminine-slider":{"width":1920,"height":649,"mime-type":"image\/jpeg","filesize":195740,"url":"https:\/\/test.cafelapalma.com\/wp-content\/uploads\/2023\/10\/PACIFICA-LOWPIC-1920x649.jpg"},"blossom-feminine-featured":{"width":1410,"height":600,"mime-type":"image\/jpeg","filesize":153637,"url":"https:\/\/test.cafelapalma.com\/wp-content\/uploads\/2023\/10\/PACIFICA-LOWPIC-1410x600.jpg"},"blossom-feminine-with-sidebar":{"width":1020,"height":600,"mime-type":"image\/jpeg","filesize":128525,"url":"https:\/\/test.cafelapalma.com\/wp-content\/uploads\/2023\/10\/PACIFICA-LOWPIC-1020x600.jpg"},"blossom-feminine-blog":{"width":435,"height":435,"mime-type":"image\/jpeg","filesize":53866,"url":"https:\/\/test.cafelapalma.com\/wp-content\/uploads\/2023\/10\/PACIFICA-LOWPIC-435x435.jpg"},"blossom-feminine-cat":{"width":450,"height":300,"mime-type":"image\/jpeg","filesize":35565,"url":"https:\/\/test.cafelapalma.com\/wp-content\/uploads\/2023\/10\/PACIFICA-LOWPIC-450x300.jpg"},"blossom-feminine-related":{"width":320,"height":200,"mime-type":"image\/jpeg","filesize":18424,"url":"https:\/\/test.cafelapalma.com\/wp-content\/uploads\/2023\/10\/PACIFICA-LOWPIC-320x200.jpg"},"blossom-feminine-schema":{"width":40,"height":60,"mime-type":"image\/jpeg","filesize":1835,"url":"https:\/\/test.cafelapalma.com\/wp-content\/uploads\/2023\/10\/PACIFICA-LOWPIC-40x60.jpg"}},"original_image":"PACIFICA-LOWPIC.jpg"},"all_day":false,"start_date":"2023-12-20 21:00:00","start_date_details":{"year":"2023","month":"12","day":"20","hour":"21","minutes":"00","seconds":"00"},"end_date":"2023-12-20 23:00:00","end_date_details":{"year":"2023","month":"12","day":"20","hour":"23","minutes":"00","seconds":"00"},"utc_start_date":"2023-12-20 20:00:00","utc_start_date_details":{"year":"2023","month":"12","day":"20","hour":"20","minutes":"00","seconds":"00"},"utc_end_date":"2023-12-20 22:00:00","utc_end_date_details":{"year":"2023","month":"12","day":"20","hour":"22","minutes":"00","seconds":"00"},"timezone":"Europe\/Madrid","timezone_abbr":"","cost":"ENTRADAS AGOTADAS","cost_details":{"currency_symbol":"\u20ac","currency_code":"USD","currency_position":"suffix","values":["entradas-agotadas"]},"website":"https:\/\/www.passline.com\/eventos\/pacifica","show_map":false,"show_map_link":false,"hide_from_listings":false,"sticky":false,"featured":false,"categories":[{"name":"Concierto","slug":"concierto","term_group":0,"term_taxonomy_id":8963,"taxonomy":"tribe_events_cat","description":"","parent":0,"count":952,"filter":"raw","id":8963,"urls":{"self":"https:\/\/test.cafelapalma.com\/en\/wp-json\/tribe\/events\/v1\/categories\/8963","collection":"https:\/\/test.cafelapalma.com\/en\/wp-json\/tribe\/events\/v1\/categories"}}],"tags":[{"name":"Anita","slug":"anita","term_group":0,"term_taxonomy_id":14491,"taxonomy":"post_tag","description":"","parent":0,"count":1,"filter":"raw","id":14491,"urls":{"self":"https:\/\/test.cafelapalma.com\/en\/wp-json\/tribe\/events\/v1\/tags\/14491","collection":"https:\/\/test.cafelapalma.com\/en\/wp-json\/tribe\/events\/v1\/tags"}},{"name":"Argentina","slug":"argentina","term_group":0,"term_taxonomy_id":9526,"taxonomy":"post_tag","description":"","parent":0,"count":8,"filter":"raw","id":9526,"urls":{"self":"https:\/\/test.cafelapalma.com\/en\/wp-json\/tribe\/events\/v1\/tags\/9526","collection":"https:\/\/test.cafelapalma.com\/en\/wp-json\/tribe\/events\/v1\/tags"}},{"name":"Caf\u00e9 la Palma","slug":"cafe-la-palma","term_group":0,"term_taxonomy_id":79,"taxonomy":"post_tag","description":"","parent":0,"count":1494,"filter":"raw","id":1363,"urls":{"self":"https:\/\/test.cafelapalma.com\/en\/wp-json\/tribe\/events\/v1\/tags\/1363","collection":"https:\/\/test.cafelapalma.com\/en\/wp-json\/tribe\/events\/v1\/tags"}},{"name":"cafe la palma","slug":"cafe-la-palma-2","term_group":0,"term_taxonomy_id":8869,"taxonomy":"post_tag","description":"","parent":0,"count":934,"filter":"raw","id":8869,"urls":{"self":"https:\/\/test.cafelapalma.com\/en\/wp-json\/tribe\/events\/v1\/tags\/8869","collection":"https:\/\/test.cafelapalma.com\/en\/wp-json\/tribe\/events\/v1\/tags"}},{"name":"Conciertos Cafe La Palma","slug":"conciertos-cafe-la-palma","term_group":0,"term_taxonomy_id":2865,"taxonomy":"post_tag","description":"","parent":0,"count":1007,"filter":"raw","id":2865,"urls":{"self":"https:\/\/test.cafelapalma.com\/en\/wp-json\/tribe\/events\/v1\/tags\/2865","collection":"https:\/\/test.cafelapalma.com\/en\/wp-json\/tribe\/events\/v1\/tags"}},{"name":"Conciertos Madrid","slug":"conciertos-madrid","term_group":0,"term_taxonomy_id":9147,"taxonomy":"post_tag","description":"","parent":0,"count":965,"filter":"raw","id":9147,"urls":{"self":"https:\/\/test.cafelapalma.com\/en\/wp-json\/tribe\/events\/v1\/tags\/9147","collection":"https:\/\/test.cafelapalma.com\/en\/wp-json\/tribe\/events\/v1\/tags"}},{"name":"Conciertos Malasa\u00f1a","slug":"conciertos-malasana","term_group":0,"term_taxonomy_id":9146,"taxonomy":"post_tag","description":"","parent":0,"count":1027,"filter":"raw","id":9146,"urls":{"self":"https:\/\/test.cafelapalma.com\/en\/wp-json\/tribe\/events\/v1\/tags\/9146","collection":"https:\/\/test.cafelapalma.com\/en\/wp-json\/tribe\/events\/v1\/tags"}},{"name":"Freak Scene","slug":"freak-scene","term_group":0,"term_taxonomy_id":14493,"taxonomy":"post_tag","description":"","parent":0,"count":1,"filter":"raw","id":14493,"urls":{"self":"https:\/\/test.cafelapalma.com\/en\/wp-json\/tribe\/events\/v1\/tags\/14493","collection":"https:\/\/test.cafelapalma.com\/en\/wp-json\/tribe\/events\/v1\/tags"}},{"name":"Garage","slug":"garage","term_group":0,"term_taxonomy_id":9607,"taxonomy":"post_tag","description":"","parent":0,"count":24,"filter":"raw","id":9607,"urls":{"self":"https:\/\/test.cafelapalma.com\/en\/wp-json\/tribe\/events\/v1\/tags\/9607","collection":"https:\/\/test.cafelapalma.com\/en\/wp-json\/tribe\/events\/v1\/tags"}},{"name":"Pacifica","slug":"pacifica","term_group":0,"term_taxonomy_id":14488,"taxonomy":"post_tag","description":"","parent":0,"count":1,"filter":"raw","id":14488,"urls":{"self":"https:\/\/test.cafelapalma.com\/en\/wp-json\/tribe\/events\/v1\/tags\/14488","collection":"https:\/\/test.cafelapalma.com\/en\/wp-json\/tribe\/events\/v1\/tags"}},{"name":"Pac\u00edfica","slug":"pacifica-2","term_group":0,"term_taxonomy_id":14489,"taxonomy":"post_tag","description":"","parent":0,"count":1,"filter":"raw","id":14489,"urls":{"self":"https:\/\/test.cafelapalma.com\/en\/wp-json\/tribe\/events\/v1\/tags\/14489","collection":"https:\/\/test.cafelapalma.com\/en\/wp-json\/tribe\/events\/v1\/tags"}},{"name":"Pop","slug":"pop","term_group":0,"term_taxonomy_id":567,"taxonomy":"post_tag","description":"","parent":0,"count":523,"filter":"raw","id":1355,"urls":{"self":"https:\/\/test.cafelapalma.com\/en\/wp-json\/tribe\/events\/v1\/tags\/1355","collection":"https:\/\/test.cafelapalma.com\/en\/wp-json\/tribe\/events\/v1\/tags"}},{"name":"Premature Rejection","slug":"premature-rejection","term_group":0,"term_taxonomy_id":14492,"taxonomy":"post_tag","description":"","parent":0,"count":1,"filter":"raw","id":14492,"urls":{"self":"https:\/\/test.cafelapalma.com\/en\/wp-json\/tribe\/events\/v1\/tags\/14492","collection":"https:\/\/test.cafelapalma.com\/en\/wp-json\/tribe\/events\/v1\/tags"}},{"name":"Primavera Sound","slug":"primavera-sound","term_group":0,"term_taxonomy_id":11189,"taxonomy":"post_tag","description":"","parent":0,"count":3,"filter":"raw","id":11189,"urls":{"self":"https:\/\/test.cafelapalma.com\/en\/wp-json\/tribe\/events\/v1\/tags\/11189","collection":"https:\/\/test.cafelapalma.com\/en\/wp-json\/tribe\/events\/v1\/tags"}},{"name":"Rock","slug":"rock","term_group":0,"term_taxonomy_id":566,"taxonomy":"post_tag","description":"","parent":0,"count":273,"filter":"raw","id":1354,"urls":{"self":"https:\/\/test.cafelapalma.com\/en\/wp-json\/tribe\/events\/v1\/tags\/1354","collection":"https:\/\/test.cafelapalma.com\/en\/wp-json\/tribe\/events\/v1\/tags"}},{"name":"With or Without You","slug":"with-or-without-you","term_group":0,"term_taxonomy_id":14490,"taxonomy":"post_tag","description":"","parent":0,"count":1,"filter":"raw","id":14490,"urls":{"self":"https:\/\/test.cafelapalma.com\/en\/wp-json\/tribe\/events\/v1\/tags\/14490","collection":"https:\/\/test.cafelapalma.com\/en\/wp-json\/tribe\/events\/v1\/tags"}}],"venue":[],"organizer":[],"custom_fields":[],"json_ld":{"@context":"http:\/\/schema.org","@type":"Event","name":"PACIFICA","description":"&lt;p&gt;PACIFICA es un d\u00fao formado por dos amigas que se  [...]&lt;\/p&gt;\\n","image":"https:\/\/test.cafelapalma.com\/wp-content\/uploads\/2023\/10\/PACIFICA-LOWPIC-scaled.jpg","url":"https:\/\/test.cafelapalma.com\/en\/programacion\/pacifica\/","eventAttendanceMode":"https:\/\/schema.org\/OfflineEventAttendanceMode","eventStatus":"https:\/\/schema.org\/EventScheduled","startDate":"2023-12-20T21:00:00+01:00","endDate":"2023-12-20T23:00:00+01:00","offers":{"@type":"Offer","price":"ENTRADAS AGOTADAS","priceCurrency":"USD","url":"https:\/\/test.cafelapalma.com\/en\/programacion\/pacifica\/","category":"primary","availability":"inStock","validFrom":"2023-09-10T00:00:00+00:00"},"performer":"Organization"},"is_virtual":false,"virtual_url":null,"virtual_video_source":""}