{"id":27800,"global_id":"test.cafelapalma.com\/en?id=27800","global_id_lineage":["test.cafelapalma.com\/en?id=27800"],"author":"2","status":"publish","date":"2023-12-21 14:50:39","date_utc":"2023-12-21 13:50:39","modified":"2024-01-10 16:40:51","modified_utc":"2024-01-10 15:40:51","url":"https:\/\/test.cafelapalma.com\/en\/programacion\/quejio-por-palestina\/","rest_url":"https:\/\/test.cafelapalma.com\/en\/wp-json\/tribe\/events\/v1\/events\/27800","title":"QUEJ\u00cdO POR PALESTINA","description":"<div  class=\"tribe-events-schedule tribe-clearfix\" >\n\t<p class=\"tribe-events-schedule__datetime\">\n\t\t<span class=\"tribe-events-schedule__date tribe-events-schedule__date--start\">\n\t\t\t\t\t<\/span>\n\n\t\t\t\t\t<span class=\"tribe-events-schedule__separator tribe-events-schedule__separator--date\">\n\t\t\t\t@\t\t\t<\/span>\n\t\t\t<span class=\"tribe-events-schedule__time tribe-events-schedule__time--start\">\n\t\t\t\t\t\t\t<\/span>\n\t\t\n\t\t\t<\/p>\n<\/div>\n\n\n<div  class=\"tribe-block tribe-block__event-price\" >\n\t\t\t\t<span class=\"tribe-block__event-price__description\">#soldout<\/span>\n\t<\/div>\n\n\n\n<div style=\"height:100px\" aria-hidden=\"true\" class=\"wp-block-spacer\"><\/div>\n\n\n\n<div class=\"wp-block-columns is-layout-flex wp-container-core-columns-is-layout-9d6595d7 wp-block-columns-is-layout-flex\">\n<div class=\"wp-block-column is-layout-flow wp-block-column-is-layout-flow\" style=\"flex-basis:33.33%\">\n<figure class=\"wp-block-image size-large\"><img decoding=\"async\" width=\"735\" height=\"1040\" src=\"https:\/\/test.cafelapalma.com\/wp-content\/uploads\/2024\/01\/21HORAS-10-Y-11-QUEJIO_A3-LOW-735x1040.jpg\" alt=\"\" class=\"wp-image-27982\" srcset=\"https:\/\/test.cafelapalma.com\/wp-content\/uploads\/2024\/01\/21HORAS-10-Y-11-QUEJIO_A3-LOW-42x60.jpg 42w, https:\/\/test.cafelapalma.com\/wp-content\/uploads\/2024\/01\/21HORAS-10-Y-11-QUEJIO_A3-LOW-212x300.jpg 212w, https:\/\/test.cafelapalma.com\/wp-content\/uploads\/2024\/01\/21HORAS-10-Y-11-QUEJIO_A3-LOW-735x1040.jpg 735w, https:\/\/test.cafelapalma.com\/wp-content\/uploads\/2024\/01\/21HORAS-10-Y-11-QUEJIO_A3-LOW-768x1086.jpg 768w, https:\/\/test.cafelapalma.com\/wp-content\/uploads\/2024\/01\/21HORAS-10-Y-11-QUEJIO_A3-LOW-1086x1536.jpg 1086w, https:\/\/test.cafelapalma.com\/wp-content\/uploads\/2024\/01\/21HORAS-10-Y-11-QUEJIO_A3-LOW-1448x2048.jpg 1448w\" sizes=\"(max-width: 735px) 100vw, 735px\" \/><\/figure>\n<\/div>\n\n\n\n<div class=\"wp-block-column is-layout-flow wp-block-column-is-layout-flow\" style=\"flex-basis:66.66%\">\n<div style=\"height:100px\" aria-hidden=\"true\" class=\"wp-block-spacer\"><\/div>\n\n\n\n<p class=\"has-text-align-left\"><strong>QUEJ\u00cdO POR PALESTINA<\/strong> es un evento que re\u00fane a varias artistas vinculadas al flamenco para reivindicar desde su m\u00fasica y poes\u00eda por la guerra en <strong>Palestina<\/strong>. A trav\u00e9s de composiciones propias y obras del repertorio flamenco tradicional, las artistas pondr\u00e1n de manifiesto el dolor y rabia que sentimos muchas desde la lejan\u00eda, y la impotencia al ver como nuestras instituciones permiten que se lleve a cabo un genocidio m\u00e1s en la historia.<\/p>\n\n\n\n<p class=\"has-text-align-left\">Al cante estar\u00e1n <strong>Marta Delas<\/strong>, <strong>Julia Gabarre<\/strong>, <strong>Sylvia Wild<\/strong> y <strong>Laura Reyes<\/strong>; a la guitarra <strong>Elias Buisson<\/strong> y <strong>Javier P\u00e9rez<\/strong>; al viol\u00edn <strong>Andrea Sanzvela<\/strong>; a la poes\u00eda <strong>Gabriel Benavent<\/strong>. Con la colaboraci\u00f3n especial del cantaor <strong>Emilio Gabarre<\/strong>, la violinista <strong>Patricia Monje<\/strong> y las bailaoras <strong>Sara San Juan<\/strong> y <strong>Cassandra Hamon<\/strong>.<\/p>\n\n\n\n<p class=\"has-text-align-left\">El evento lo organizan la arista audiovisual <strong>Marta Delas<\/strong>, el colectivo <strong>BDS <\/strong>\u2013cuyas representantes participar\u00e1n tambi\u00e9n leyendo poemas de artistas palestinas asesinadas en estos \u00faltimos meses de masacre y violencia incesante\u2013 y <strong>CAFE LA PALMA<\/strong>.<\/p>\n<\/div>\n<\/div>\n\n\n\n<div style=\"height:100px\" aria-hidden=\"true\" class=\"wp-block-spacer\"><\/div>\n\n\n\n<hr class=\"wp-block-separator has-alpha-channel-opacity\"\/>\n\n\n\n<div style=\"height:100px\" aria-hidden=\"true\" class=\"wp-block-spacer\"><\/div>","excerpt":"","slug":"quejio-por-palestina","image":{"url":"https:\/\/test.cafelapalma.com\/wp-content\/uploads\/2023\/12\/QUEJIO-FRONT-DOBLE-DATE--scaled.jpg","id":27984,"extension":"jpg","width":1688,"height":3000,"filesize":396125,"sizes":{"medium":{"width":169,"height":300,"mime-type":"image\/jpeg","filesize":17479,"url":"https:\/\/test.cafelapalma.com\/wp-content\/uploads\/2023\/12\/QUEJIO-FRONT-DOBLE-DATE--169x300.jpg"},"large":{"width":585,"height":1040,"mime-type":"image\/jpeg","filesize":100959,"url":"https:\/\/test.cafelapalma.com\/wp-content\/uploads\/2023\/12\/QUEJIO-FRONT-DOBLE-DATE--585x1040.jpg"},"thumbnail":{"width":150,"height":150,"mime-type":"image\/jpeg","filesize":9264,"url":"https:\/\/test.cafelapalma.com\/wp-content\/uploads\/2023\/12\/QUEJIO-FRONT-DOBLE-DATE--150x150.jpg"},"medium_large":{"width":768,"height":1365,"mime-type":"image\/jpeg","filesize":143961,"url":"https:\/\/test.cafelapalma.com\/wp-content\/uploads\/2023\/12\/QUEJIO-FRONT-DOBLE-DATE--768x1365.jpg"},"1536x1536":{"width":864,"height":1536,"mime-type":"image\/jpeg","filesize":168376,"url":"https:\/\/test.cafelapalma.com\/wp-content\/uploads\/2023\/12\/QUEJIO-FRONT-DOBLE-DATE--864x1536.jpg"},"2048x2048":{"width":1152,"height":2048,"mime-type":"image\/jpeg","filesize":241455,"url":"https:\/\/test.cafelapalma.com\/wp-content\/uploads\/2023\/12\/QUEJIO-FRONT-DOBLE-DATE--1152x2048.jpg"},"blossom-feminine-slider":{"width":1920,"height":649,"mime-type":"image\/jpeg","filesize":94695,"url":"https:\/\/test.cafelapalma.com\/wp-content\/uploads\/2023\/12\/QUEJIO-FRONT-DOBLE-DATE--1920x649.jpg"},"blossom-feminine-featured":{"width":1410,"height":600,"mime-type":"image\/jpeg","filesize":81195,"url":"https:\/\/test.cafelapalma.com\/wp-content\/uploads\/2023\/12\/QUEJIO-FRONT-DOBLE-DATE--1410x600.jpg"},"blossom-feminine-with-sidebar":{"width":1020,"height":600,"mime-type":"image\/jpeg","filesize":74101,"url":"https:\/\/test.cafelapalma.com\/wp-content\/uploads\/2023\/12\/QUEJIO-FRONT-DOBLE-DATE--1020x600.jpg"},"blossom-feminine-blog":{"width":435,"height":435,"mime-type":"image\/jpeg","filesize":40853,"url":"https:\/\/test.cafelapalma.com\/wp-content\/uploads\/2023\/12\/QUEJIO-FRONT-DOBLE-DATE--435x435.jpg"},"blossom-feminine-cat":{"width":450,"height":300,"mime-type":"image\/jpeg","filesize":30583,"url":"https:\/\/test.cafelapalma.com\/wp-content\/uploads\/2023\/12\/QUEJIO-FRONT-DOBLE-DATE--450x300.jpg"},"blossom-feminine-related":{"width":320,"height":200,"mime-type":"image\/jpeg","filesize":18245,"url":"https:\/\/test.cafelapalma.com\/wp-content\/uploads\/2023\/12\/QUEJIO-FRONT-DOBLE-DATE--320x200.jpg"},"blossom-feminine-schema":{"width":34,"height":60,"mime-type":"image\/jpeg","filesize":1979,"url":"https:\/\/test.cafelapalma.com\/wp-content\/uploads\/2023\/12\/QUEJIO-FRONT-DOBLE-DATE--34x60.jpg"}},"original_image":"QUEJIO-FRONT-DOBLE-DATE-.jpg"},"all_day":false,"start_date":"2024-01-10 21:00:00","start_date_details":{"year":"2024","month":"01","day":"10","hour":"21","minutes":"00","seconds":"00"},"end_date":"2024-01-11 21:00:00","end_date_details":{"year":"2024","month":"01","day":"11","hour":"21","minutes":"00","seconds":"00"},"utc_start_date":"2024-01-10 20:00:00","utc_start_date_details":{"year":"2024","month":"01","day":"10","hour":"20","minutes":"00","seconds":"00"},"utc_end_date":"2024-01-11 20:00:00","utc_end_date_details":{"year":"2024","month":"01","day":"11","hour":"20","minutes":"00","seconds":"00"},"timezone":"Europe\/Madrid","timezone_abbr":"","cost":"ENTRADAS AGOTADAS","cost_details":{"currency_symbol":"\u20ac","currency_code":"USD","currency_position":"suffix","values":["entradas-agotadas"]},"website":"https:\/\/www.passline.com\/eventos\/quejio-por-palestina-2-fecha","show_map":false,"show_map_link":false,"hide_from_listings":false,"sticky":false,"featured":false,"categories":[{"name":"Actividades","slug":"actividades","term_group":0,"term_taxonomy_id":9510,"taxonomy":"tribe_events_cat","description":"","parent":0,"count":82,"filter":"raw","id":9510,"urls":{"self":"https:\/\/test.cafelapalma.com\/en\/wp-json\/tribe\/events\/v1\/categories\/9510","collection":"https:\/\/test.cafelapalma.com\/en\/wp-json\/tribe\/events\/v1\/categories"}}],"tags":[{"name":"Andrea Sanzvela","slug":"andrea-sanzvela","term_group":0,"term_taxonomy_id":15060,"taxonomy":"post_tag","description":"","parent":0,"count":1,"filter":"raw","id":15060,"urls":{"self":"https:\/\/test.cafelapalma.com\/en\/wp-json\/tribe\/events\/v1\/tags\/15060","collection":"https:\/\/test.cafelapalma.com\/en\/wp-json\/tribe\/events\/v1\/tags"}},{"name":"BDS","slug":"bds","term_group":0,"term_taxonomy_id":14886,"taxonomy":"post_tag","description":"","parent":0,"count":2,"filter":"raw","id":14886,"urls":{"self":"https:\/\/test.cafelapalma.com\/en\/wp-json\/tribe\/events\/v1\/tags\/14886","collection":"https:\/\/test.cafelapalma.com\/en\/wp-json\/tribe\/events\/v1\/tags"}},{"name":"Boicot desinversiones y Sanciones a Israel","slug":"boicot-desinversiones-y-sanciones-a-israel","term_group":0,"term_taxonomy_id":14887,"taxonomy":"post_tag","description":"","parent":0,"count":2,"filter":"raw","id":14887,"urls":{"self":"https:\/\/test.cafelapalma.com\/en\/wp-json\/tribe\/events\/v1\/tags\/14887","collection":"https:\/\/test.cafelapalma.com\/en\/wp-json\/tribe\/events\/v1\/tags"}},{"name":"Caf\u00e9 la Palma","slug":"cafe-la-palma","term_group":0,"term_taxonomy_id":79,"taxonomy":"post_tag","description":"","parent":0,"count":1494,"filter":"raw","id":1363,"urls":{"self":"https:\/\/test.cafelapalma.com\/en\/wp-json\/tribe\/events\/v1\/tags\/1363","collection":"https:\/\/test.cafelapalma.com\/en\/wp-json\/tribe\/events\/v1\/tags"}},{"name":"cafe la palma","slug":"cafe-la-palma-2","term_group":0,"term_taxonomy_id":8869,"taxonomy":"post_tag","description":"","parent":0,"count":934,"filter":"raw","id":8869,"urls":{"self":"https:\/\/test.cafelapalma.com\/en\/wp-json\/tribe\/events\/v1\/tags\/8869","collection":"https:\/\/test.cafelapalma.com\/en\/wp-json\/tribe\/events\/v1\/tags"}},{"name":"Cassandra Hamon","slug":"cassandra-hamon","term_group":0,"term_taxonomy_id":15064,"taxonomy":"post_tag","description":"","parent":0,"count":1,"filter":"raw","id":15064,"urls":{"self":"https:\/\/test.cafelapalma.com\/en\/wp-json\/tribe\/events\/v1\/tags\/15064","collection":"https:\/\/test.cafelapalma.com\/en\/wp-json\/tribe\/events\/v1\/tags"}},{"name":"Conciertos Cafe La Palma","slug":"conciertos-cafe-la-palma","term_group":0,"term_taxonomy_id":2865,"taxonomy":"post_tag","description":"","parent":0,"count":1007,"filter":"raw","id":2865,"urls":{"self":"https:\/\/test.cafelapalma.com\/en\/wp-json\/tribe\/events\/v1\/tags\/2865","collection":"https:\/\/test.cafelapalma.com\/en\/wp-json\/tribe\/events\/v1\/tags"}},{"name":"Conciertos Madrid","slug":"conciertos-madrid","term_group":0,"term_taxonomy_id":9147,"taxonomy":"post_tag","description":"","parent":0,"count":965,"filter":"raw","id":9147,"urls":{"self":"https:\/\/test.cafelapalma.com\/en\/wp-json\/tribe\/events\/v1\/tags\/9147","collection":"https:\/\/test.cafelapalma.com\/en\/wp-json\/tribe\/events\/v1\/tags"}},{"name":"Conciertos Malasa\u00f1a","slug":"conciertos-malasana","term_group":0,"term_taxonomy_id":9146,"taxonomy":"post_tag","description":"","parent":0,"count":1027,"filter":"raw","id":9146,"urls":{"self":"https:\/\/test.cafelapalma.com\/en\/wp-json\/tribe\/events\/v1\/tags\/9146","collection":"https:\/\/test.cafelapalma.com\/en\/wp-json\/tribe\/events\/v1\/tags"}},{"name":"Elias Buisson","slug":"elias-buisson","term_group":0,"term_taxonomy_id":14883,"taxonomy":"post_tag","description":"","parent":0,"count":2,"filter":"raw","id":14883,"urls":{"self":"https:\/\/test.cafelapalma.com\/en\/wp-json\/tribe\/events\/v1\/tags\/14883","collection":"https:\/\/test.cafelapalma.com\/en\/wp-json\/tribe\/events\/v1\/tags"}},{"name":"Emilio Gabarre","slug":"emilio-gabarre","term_group":0,"term_taxonomy_id":15061,"taxonomy":"post_tag","description":"","parent":0,"count":1,"filter":"raw","id":15061,"urls":{"self":"https:\/\/test.cafelapalma.com\/en\/wp-json\/tribe\/events\/v1\/tags\/15061","collection":"https:\/\/test.cafelapalma.com\/en\/wp-json\/tribe\/events\/v1\/tags"}},{"name":"Evento Solidario","slug":"evento-solidario","term_group":0,"term_taxonomy_id":12802,"taxonomy":"post_tag","description":"","parent":0,"count":8,"filter":"raw","id":12802,"urls":{"self":"https:\/\/test.cafelapalma.com\/en\/wp-json\/tribe\/events\/v1\/tags\/12802","collection":"https:\/\/test.cafelapalma.com\/en\/wp-json\/tribe\/events\/v1\/tags"}},{"name":"Flamenco","slug":"flamenco","term_group":0,"term_taxonomy_id":9455,"taxonomy":"post_tag","description":"","parent":0,"count":20,"filter":"raw","id":9455,"urls":{"self":"https:\/\/test.cafelapalma.com\/en\/wp-json\/tribe\/events\/v1\/tags\/9455","collection":"https:\/\/test.cafelapalma.com\/en\/wp-json\/tribe\/events\/v1\/tags"}},{"name":"Free Palestina","slug":"free-palestina","term_group":0,"term_taxonomy_id":14875,"taxonomy":"post_tag","description":"","parent":0,"count":2,"filter":"raw","id":14875,"urls":{"self":"https:\/\/test.cafelapalma.com\/en\/wp-json\/tribe\/events\/v1\/tags\/14875","collection":"https:\/\/test.cafelapalma.com\/en\/wp-json\/tribe\/events\/v1\/tags"}},{"name":"Gabriel Benavent","slug":"gabriel-benavent","term_group":0,"term_taxonomy_id":14885,"taxonomy":"post_tag","description":"","parent":0,"count":2,"filter":"raw","id":14885,"urls":{"self":"https:\/\/test.cafelapalma.com\/en\/wp-json\/tribe\/events\/v1\/tags\/14885","collection":"https:\/\/test.cafelapalma.com\/en\/wp-json\/tribe\/events\/v1\/tags"}},{"name":"Javier P\u00e9rez","slug":"javier-perez","term_group":0,"term_taxonomy_id":14884,"taxonomy":"post_tag","description":"","parent":0,"count":2,"filter":"raw","id":14884,"urls":{"self":"https:\/\/test.cafelapalma.com\/en\/wp-json\/tribe\/events\/v1\/tags\/14884","collection":"https:\/\/test.cafelapalma.com\/en\/wp-json\/tribe\/events\/v1\/tags"}},{"name":"Julia Gabarre","slug":"julia-gabarre","term_group":0,"term_taxonomy_id":14879,"taxonomy":"post_tag","description":"","parent":0,"count":2,"filter":"raw","id":14879,"urls":{"self":"https:\/\/test.cafelapalma.com\/en\/wp-json\/tribe\/events\/v1\/tags\/14879","collection":"https:\/\/test.cafelapalma.com\/en\/wp-json\/tribe\/events\/v1\/tags"}},{"name":"Laura Reyes","slug":"laura-reyes","term_group":0,"term_taxonomy_id":14882,"taxonomy":"post_tag","description":"","parent":0,"count":4,"filter":"raw","id":14882,"urls":{"self":"https:\/\/test.cafelapalma.com\/en\/wp-json\/tribe\/events\/v1\/tags\/14882","collection":"https:\/\/test.cafelapalma.com\/en\/wp-json\/tribe\/events\/v1\/tags"}},{"name":"Marta Delas","slug":"marta-delas","term_group":0,"term_taxonomy_id":14880,"taxonomy":"post_tag","description":"","parent":0,"count":4,"filter":"raw","id":14880,"urls":{"self":"https:\/\/test.cafelapalma.com\/en\/wp-json\/tribe\/events\/v1\/tags\/14880","collection":"https:\/\/test.cafelapalma.com\/en\/wp-json\/tribe\/events\/v1\/tags"}},{"name":"Palestina","slug":"palestina","term_group":0,"term_taxonomy_id":14876,"taxonomy":"post_tag","description":"","parent":0,"count":4,"filter":"raw","id":14876,"urls":{"self":"https:\/\/test.cafelapalma.com\/en\/wp-json\/tribe\/events\/v1\/tags\/14876","collection":"https:\/\/test.cafelapalma.com\/en\/wp-json\/tribe\/events\/v1\/tags"}},{"name":"Patricia Monje","slug":"patricia-monje","term_group":0,"term_taxonomy_id":15062,"taxonomy":"post_tag","description":"","parent":0,"count":1,"filter":"raw","id":15062,"urls":{"self":"https:\/\/test.cafelapalma.com\/en\/wp-json\/tribe\/events\/v1\/tags\/15062","collection":"https:\/\/test.cafelapalma.com\/en\/wp-json\/tribe\/events\/v1\/tags"}},{"name":"Poes\u00eda","slug":"poesia","term_group":0,"term_taxonomy_id":9486,"taxonomy":"post_tag","description":"","parent":0,"count":12,"filter":"raw","id":9486,"urls":{"self":"https:\/\/test.cafelapalma.com\/en\/wp-json\/tribe\/events\/v1\/tags\/9486","collection":"https:\/\/test.cafelapalma.com\/en\/wp-json\/tribe\/events\/v1\/tags"}},{"name":"Quej\u00edo por Palestina","slug":"quejio-por-palestina","term_group":0,"term_taxonomy_id":14877,"taxonomy":"post_tag","description":"","parent":0,"count":3,"filter":"raw","id":14877,"urls":{"self":"https:\/\/test.cafelapalma.com\/en\/wp-json\/tribe\/events\/v1\/tags\/14877","collection":"https:\/\/test.cafelapalma.com\/en\/wp-json\/tribe\/events\/v1\/tags"}},{"name":"Sara San Juan","slug":"sara-san-juan","term_group":0,"term_taxonomy_id":15063,"taxonomy":"post_tag","description":"","parent":0,"count":1,"filter":"raw","id":15063,"urls":{"self":"https:\/\/test.cafelapalma.com\/en\/wp-json\/tribe\/events\/v1\/tags\/15063","collection":"https:\/\/test.cafelapalma.com\/en\/wp-json\/tribe\/events\/v1\/tags"}},{"name":"Stop al genocidio","slug":"stop-al-genocidio","term_group":0,"term_taxonomy_id":14878,"taxonomy":"post_tag","description":"","parent":0,"count":2,"filter":"raw","id":14878,"urls":{"self":"https:\/\/test.cafelapalma.com\/en\/wp-json\/tribe\/events\/v1\/tags\/14878","collection":"https:\/\/test.cafelapalma.com\/en\/wp-json\/tribe\/events\/v1\/tags"}},{"name":"Sylvia Wild","slug":"sylvia-wild","term_group":0,"term_taxonomy_id":14881,"taxonomy":"post_tag","description":"","parent":0,"count":3,"filter":"raw","id":14881,"urls":{"self":"https:\/\/test.cafelapalma.com\/en\/wp-json\/tribe\/events\/v1\/tags\/14881","collection":"https:\/\/test.cafelapalma.com\/en\/wp-json\/tribe\/events\/v1\/tags"}}],"venue":[],"organizer":[],"custom_fields":[],"json_ld":{"@context":"http:\/\/schema.org","@type":"Event","name":"QUEJ\u00cdO POR PALESTINA","description":"&lt;p&gt;QUEJ\u00cdO POR PALESTINA es un evento que re\u00fane a varias  [...]&lt;\/p&gt;\\n","image":"https:\/\/test.cafelapalma.com\/wp-content\/uploads\/2023\/12\/QUEJIO-FRONT-DOBLE-DATE--scaled.jpg","url":"https:\/\/test.cafelapalma.com\/en\/programacion\/quejio-por-palestina\/","eventAttendanceMode":"https:\/\/schema.org\/OfflineEventAttendanceMode","eventStatus":"https:\/\/schema.org\/EventScheduled","startDate":"2024-01-10T21:00:00+01:00","endDate":"2024-01-11T21:00:00+01:00","offers":{"@type":"Offer","price":"ENTRADAS AGOTADAS","priceCurrency":"USD","url":"https:\/\/test.cafelapalma.com\/en\/programacion\/quejio-por-palestina\/","category":"primary","availability":"inStock","validFrom":"1970-01-01T00:00:00+00:00"},"performer":"Organization"},"is_virtual":false,"virtual_url":null,"virtual_video_source":""}