{"id":28088,"global_id":"test.cafelapalma.com\/en?id=28088","global_id_lineage":["test.cafelapalma.com\/en?id=28088"],"author":"2","status":"publish","date":"2024-01-22 18:28:03","date_utc":"2024-01-22 17:28:03","modified":"2024-02-27 11:07:02","modified_utc":"2024-02-27 10:07:02","url":"https:\/\/test.cafelapalma.com\/en\/programacion\/expo-no-time-for-bullshit-sara-hervas\/","rest_url":"https:\/\/test.cafelapalma.com\/en\/wp-json\/tribe\/events\/v1\/events\/28088","title":"\u00abNO TIME FOR BULLSHIT\u00bb. SARA HERV\u00c1S","description":"<div  class=\"tribe-events-schedule tribe-clearfix\" >\n\t<p class=\"tribe-events-schedule__datetime\">\n\t\t<span class=\"tribe-events-schedule__date tribe-events-schedule__date--start\">\n\t\t\t\t\t<\/span>\n\n\t\t\t\t\t<span class=\"tribe-events-schedule__separator tribe-events-schedule__separator--date\">\n\t\t\t\t@\t\t\t<\/span>\n\t\t\t<span class=\"tribe-events-schedule__time tribe-events-schedule__time--start\">\n\t\t\t\t\t\t\t<\/span>\n\t\t\n\t\t\t<\/p>\n<\/div>\n\n\n\n<p>Hasta al <strong>domingo 3 de marzo<\/strong><\/p>\n\n\n<div  class=\"tribe-block tribe-block__event-price\" >\n\t\t<\/div>\n\n\n\n<div style=\"height:100px\" aria-hidden=\"true\" class=\"wp-block-spacer\"><\/div>\n\n\n\n<div class=\"wp-block-columns is-layout-flex wp-container-core-columns-is-layout-9d6595d7 wp-block-columns-is-layout-flex\">\n<div class=\"wp-block-column is-layout-flow wp-block-column-is-layout-flow\" style=\"flex-basis:33.33%\">\n<figure class=\"wp-block-image size-large\"><img decoding=\"async\" width=\"753\" height=\"1040\" src=\"https:\/\/test.cafelapalma.com\/wp-content\/uploads\/2024\/01\/SARA-CARTEL-LOW-753x1040.jpg\" alt=\"\" class=\"wp-image-28090\" srcset=\"https:\/\/test.cafelapalma.com\/wp-content\/uploads\/2024\/01\/SARA-CARTEL-LOW-43x60.jpg 43w, https:\/\/test.cafelapalma.com\/wp-content\/uploads\/2024\/01\/SARA-CARTEL-LOW-217x300.jpg 217w, https:\/\/test.cafelapalma.com\/wp-content\/uploads\/2024\/01\/SARA-CARTEL-LOW-753x1040.jpg 753w, https:\/\/test.cafelapalma.com\/wp-content\/uploads\/2024\/01\/SARA-CARTEL-LOW-768x1060.jpg 768w, https:\/\/test.cafelapalma.com\/wp-content\/uploads\/2024\/01\/SARA-CARTEL-LOW-1113x1536.jpg 1113w, https:\/\/test.cafelapalma.com\/wp-content\/uploads\/2024\/01\/SARA-CARTEL-LOW-1484x2048.jpg 1484w\" sizes=\"(max-width: 753px) 100vw, 753px\" \/><\/figure>\n<\/div>\n\n\n\n<div class=\"wp-block-column is-layout-flow wp-block-column-is-layout-flow\" style=\"flex-basis:66.66%\">\n<div style=\"height:100px\" aria-hidden=\"true\" class=\"wp-block-spacer\"><\/div>\n\n\n\n<p class=\"has-text-align-left\"><strong><em>\u00abNo Time for Bullshit\u00bb<\/em><\/strong> habla sobre la idea de estar siempre en b\u00fasqueda de un lugar que te representa. Los personajes de las ilustraciones est\u00e1n siempre donde quieren estar, haciendo lo que quieren hacer. &nbsp;<\/p>\n\n\n\n<p class=\"has-text-align-left\"><strong>SARA HERV\u00c1S<\/strong> <em>aka <\/em><strong>bludefleu<\/strong>, es una autora de c\u00f3mic, dise\u00f1adora e ilustradora residente en <strong>Madrid<\/strong> que usa su obra como medio para contar historias atravesadas por el antiespecismo, el animalismo y la ecolog\u00eda.<\/p>\n\n\n\n<p class=\"has-text-align-left\">Estudi\u00f3 una <strong>Diplomatura de Dise\u00f1o<\/strong> en el <strong>I.E.D. de Madrid<\/strong> y comenz\u00f3 sus andanzas laborales como gr\u00e1fico textil en el mundo de la moda trabajando para marcas como <strong>AND1<\/strong> o <strong>Springfield Man<\/strong>. En 2017 le diagnostican esclerosis m\u00faltiple, lo que le permite dar un volantazo a su vida y centrarse en lo que realmente es su pasi\u00f3n que es la creaci\u00f3n de c\u00f3mic y la ilustraci\u00f3n.<\/p>\n<\/div>\n<\/div>\n\n\n\n<div style=\"height:100px\" aria-hidden=\"true\" class=\"wp-block-spacer\"><\/div>\n\n\n\n<hr class=\"wp-block-separator has-alpha-channel-opacity is-style-wide\"\/>\n\n\n\n<div style=\"height:100px\" aria-hidden=\"true\" class=\"wp-block-spacer\"><\/div>","excerpt":"","slug":"expo-no-time-for-bullshit-sara-hervas","image":{"url":"https:\/\/test.cafelapalma.com\/wp-content\/uploads\/2024\/01\/SARA-IMAGE.jpg","id":28091,"extension":"jpg","width":627,"height":887,"filesize":74623,"sizes":{"medium":{"width":212,"height":300,"mime-type":"image\/jpeg","filesize":11288,"url":"https:\/\/test.cafelapalma.com\/wp-content\/uploads\/2024\/01\/SARA-IMAGE-212x300.jpg"},"thumbnail":{"width":150,"height":150,"mime-type":"image\/jpeg","filesize":5641,"url":"https:\/\/test.cafelapalma.com\/wp-content\/uploads\/2024\/01\/SARA-IMAGE-150x150.jpg"},"blossom-feminine-slider":{"width":627,"height":649,"mime-type":"image\/jpeg","filesize":46561,"url":"https:\/\/test.cafelapalma.com\/wp-content\/uploads\/2024\/01\/SARA-IMAGE-627x649.jpg"},"blossom-feminine-featured":{"width":627,"height":600,"mime-type":"image\/jpeg","filesize":42178,"url":"https:\/\/test.cafelapalma.com\/wp-content\/uploads\/2024\/01\/SARA-IMAGE-627x600.jpg"},"blossom-feminine-with-sidebar":{"width":627,"height":600,"mime-type":"image\/jpeg","filesize":42178,"url":"https:\/\/test.cafelapalma.com\/wp-content\/uploads\/2024\/01\/SARA-IMAGE-627x600.jpg"},"blossom-feminine-blog":{"width":435,"height":435,"mime-type":"image\/jpeg","filesize":26289,"url":"https:\/\/test.cafelapalma.com\/wp-content\/uploads\/2024\/01\/SARA-IMAGE-435x435.jpg"},"blossom-feminine-cat":{"width":450,"height":300,"mime-type":"image\/jpeg","filesize":16642,"url":"https:\/\/test.cafelapalma.com\/wp-content\/uploads\/2024\/01\/SARA-IMAGE-450x300.jpg"},"blossom-feminine-related":{"width":320,"height":200,"mime-type":"image\/jpeg","filesize":9752,"url":"https:\/\/test.cafelapalma.com\/wp-content\/uploads\/2024\/01\/SARA-IMAGE-320x200.jpg"},"blossom-feminine-schema":{"width":42,"height":60,"mime-type":"image\/jpeg","filesize":1193,"url":"https:\/\/test.cafelapalma.com\/wp-content\/uploads\/2024\/01\/SARA-IMAGE-42x60.jpg"}}},"all_day":false,"start_date":"2024-03-04 02:30:00","start_date_details":{"year":"2024","month":"03","day":"04","hour":"02","minutes":"30","seconds":"00"},"end_date":"2024-03-04 03:00:00","end_date_details":{"year":"2024","month":"03","day":"04","hour":"03","minutes":"00","seconds":"00"},"utc_start_date":"2024-03-04 01:30:00","utc_start_date_details":{"year":"2024","month":"03","day":"04","hour":"01","minutes":"30","seconds":"00"},"utc_end_date":"2024-03-04 02:00:00","utc_end_date_details":{"year":"2024","month":"03","day":"04","hour":"02","minutes":"00","seconds":"00"},"timezone":"Europe\/Madrid","timezone_abbr":"","cost":"ENTRADA LIBRE","cost_details":{"currency_symbol":"\u20ac","currency_code":"","currency_position":"suffix","values":["entrada-libre"]},"website":"","show_map":false,"show_map_link":false,"hide_from_listings":false,"sticky":false,"featured":false,"categories":[{"name":"Exposici\u00f3n","slug":"exposicion","term_group":0,"term_taxonomy_id":8965,"taxonomy":"tribe_events_cat","description":"","parent":0,"count":32,"filter":"raw","id":8965,"urls":{"self":"https:\/\/test.cafelapalma.com\/en\/wp-json\/tribe\/events\/v1\/categories\/8965","collection":"https:\/\/test.cafelapalma.com\/en\/wp-json\/tribe\/events\/v1\/categories"}}],"tags":[{"name":"acuarela","slug":"acuarela","term_group":0,"term_taxonomy_id":13822,"taxonomy":"post_tag","description":"","parent":0,"count":5,"filter":"raw","id":13822,"urls":{"self":"https:\/\/test.cafelapalma.com\/en\/wp-json\/tribe\/events\/v1\/tags\/13822","collection":"https:\/\/test.cafelapalma.com\/en\/wp-json\/tribe\/events\/v1\/tags"}},{"name":"bludefleu","slug":"bludefleu","term_group":0,"term_taxonomy_id":15166,"taxonomy":"post_tag","description":"","parent":0,"count":1,"filter":"raw","id":15166,"urls":{"self":"https:\/\/test.cafelapalma.com\/en\/wp-json\/tribe\/events\/v1\/tags\/15166","collection":"https:\/\/test.cafelapalma.com\/en\/wp-json\/tribe\/events\/v1\/tags"}},{"name":"Caf\u00e9 la Palma","slug":"cafe-la-palma","term_group":0,"term_taxonomy_id":79,"taxonomy":"post_tag","description":"","parent":0,"count":1494,"filter":"raw","id":1363,"urls":{"self":"https:\/\/test.cafelapalma.com\/en\/wp-json\/tribe\/events\/v1\/tags\/1363","collection":"https:\/\/test.cafelapalma.com\/en\/wp-json\/tribe\/events\/v1\/tags"}},{"name":"Comic","slug":"comic","term_group":0,"term_taxonomy_id":15168,"taxonomy":"post_tag","description":"","parent":0,"count":2,"filter":"raw","id":15168,"urls":{"self":"https:\/\/test.cafelapalma.com\/en\/wp-json\/tribe\/events\/v1\/tags\/15168","collection":"https:\/\/test.cafelapalma.com\/en\/wp-json\/tribe\/events\/v1\/tags"}},{"name":"Expos","slug":"expos","term_group":0,"term_taxonomy_id":11900,"taxonomy":"post_tag","description":"","parent":0,"count":21,"filter":"raw","id":11900,"urls":{"self":"https:\/\/test.cafelapalma.com\/en\/wp-json\/tribe\/events\/v1\/tags\/11900","collection":"https:\/\/test.cafelapalma.com\/en\/wp-json\/tribe\/events\/v1\/tags"}},{"name":"Exposiciones Cafe La Palma","slug":"exposiciones-cafe-la-palma","term_group":0,"term_taxonomy_id":11899,"taxonomy":"post_tag","description":"","parent":0,"count":23,"filter":"raw","id":11899,"urls":{"self":"https:\/\/test.cafelapalma.com\/en\/wp-json\/tribe\/events\/v1\/tags\/11899","collection":"https:\/\/test.cafelapalma.com\/en\/wp-json\/tribe\/events\/v1\/tags"}},{"name":"Fast Expos","slug":"fast-expos","term_group":0,"term_taxonomy_id":11901,"taxonomy":"post_tag","description":"","parent":0,"count":19,"filter":"raw","id":11901,"urls":{"self":"https:\/\/test.cafelapalma.com\/en\/wp-json\/tribe\/events\/v1\/tags\/11901","collection":"https:\/\/test.cafelapalma.com\/en\/wp-json\/tribe\/events\/v1\/tags"}},{"name":"Galer\u00edas de Arte Malasa\u00f1a","slug":"galerias-de-arte-malasana","term_group":0,"term_taxonomy_id":13532,"taxonomy":"post_tag","description":"","parent":0,"count":18,"filter":"raw","id":13532,"urls":{"self":"https:\/\/test.cafelapalma.com\/en\/wp-json\/tribe\/events\/v1\/tags\/13532","collection":"https:\/\/test.cafelapalma.com\/en\/wp-json\/tribe\/events\/v1\/tags"}},{"name":"Ilustraci\u00f3n","slug":"ilustracion","term_group":0,"term_taxonomy_id":15167,"taxonomy":"post_tag","description":"","parent":0,"count":1,"filter":"raw","id":15167,"urls":{"self":"https:\/\/test.cafelapalma.com\/en\/wp-json\/tribe\/events\/v1\/tags\/15167","collection":"https:\/\/test.cafelapalma.com\/en\/wp-json\/tribe\/events\/v1\/tags"}},{"name":"Sara Herv\u00e1s","slug":"sara-hervas","term_group":0,"term_taxonomy_id":15165,"taxonomy":"post_tag","description":"","parent":0,"count":1,"filter":"raw","id":15165,"urls":{"self":"https:\/\/test.cafelapalma.com\/en\/wp-json\/tribe\/events\/v1\/tags\/15165","collection":"https:\/\/test.cafelapalma.com\/en\/wp-json\/tribe\/events\/v1\/tags"}}],"venue":[],"organizer":[],"custom_fields":[],"json_ld":{"@context":"http:\/\/schema.org","@type":"Event","name":"\u00abNO TIME FOR BULLSHIT\u00bb. SARA HERV\u00c1S","description":"&lt;p&gt;Hasta al domingo 3 de marzo &quot;No Time for Bullshit&quot;  [...]&lt;\/p&gt;\\n","image":"https:\/\/test.cafelapalma.com\/wp-content\/uploads\/2024\/01\/SARA-IMAGE.jpg","url":"https:\/\/test.cafelapalma.com\/en\/programacion\/expo-no-time-for-bullshit-sara-hervas\/","eventAttendanceMode":"https:\/\/schema.org\/OfflineEventAttendanceMode","eventStatus":"https:\/\/schema.org\/EventScheduled","startDate":"2024-03-04T02:30:00+01:00","endDate":"2024-03-04T03:00:00+01:00","offers":{"@type":"Offer","price":"ENTRADA LIBRE","priceCurrency":"USD","url":"https:\/\/test.cafelapalma.com\/en\/programacion\/expo-no-time-for-bullshit-sara-hervas\/","category":"primary","availability":"inStock","validFrom":"1970-01-01T00:00:00+00:00"},"performer":"Organization"},"is_virtual":false,"virtual_url":null,"virtual_video_source":""}