{"id":28220,"global_id":"test.cafelapalma.com\/en?id=28220","global_id_lineage":["test.cafelapalma.com\/en?id=28220"],"author":"2","status":"publish","date":"2024-02-08 11:33:26","date_utc":"2024-02-08 10:33:26","modified":"2024-02-14 14:10:29","modified_utc":"2024-02-14 13:10:29","url":"https:\/\/test.cafelapalma.com\/en\/programacion\/escenarios-vibra-mahou-l-kan\/","rest_url":"https:\/\/test.cafelapalma.com\/en\/wp-json\/tribe\/events\/v1\/events\/28220","title":"L KAN","description":"<div  class=\"tribe-events-schedule tribe-clearfix\" >\n\t<p class=\"tribe-events-schedule__datetime\">\n\t\t<span class=\"tribe-events-schedule__date tribe-events-schedule__date--start\">\n\t\t\t\t\t<\/span>\n\n\t\t\t\t\t<span class=\"tribe-events-schedule__separator tribe-events-schedule__separator--date\">\n\t\t\t\t@\t\t\t<\/span>\n\t\t\t<span class=\"tribe-events-schedule__time tribe-events-schedule__time--start\">\n\t\t\t\t\t\t\t<\/span>\n\t\t\n\t\t\t<\/p>\n<\/div>\n\n\n<div  class=\"tribe-block tribe-block__event-price\" >\n\t\t\t\t<span class=\"tribe-block__event-price__description\">#soldout<\/span>\n\t<\/div>\n\n\n\n<div style=\"height:100px\" aria-hidden=\"true\" class=\"wp-block-spacer\"><\/div>\n\n\n\n<div class=\"wp-block-columns is-layout-flex wp-container-core-columns-is-layout-9d6595d7 wp-block-columns-is-layout-flex\">\n<div class=\"wp-block-column is-layout-flow wp-block-column-is-layout-flow\" style=\"flex-basis:33.33%\">\n<figure class=\"wp-block-image size-large\"><img decoding=\"async\" width=\"745\" height=\"1040\" src=\"https:\/\/test.cafelapalma.com\/wp-content\/uploads\/2024\/02\/LKAN-A3-DEF-SOLOW-745x1040.jpg\" alt=\"\" class=\"wp-image-28258\" srcset=\"https:\/\/test.cafelapalma.com\/wp-content\/uploads\/2024\/02\/LKAN-A3-DEF-SOLOW-43x60.jpg 43w, https:\/\/test.cafelapalma.com\/wp-content\/uploads\/2024\/02\/LKAN-A3-DEF-SOLOW-215x300.jpg 215w, https:\/\/test.cafelapalma.com\/wp-content\/uploads\/2024\/02\/LKAN-A3-DEF-SOLOW-745x1040.jpg 745w, https:\/\/test.cafelapalma.com\/wp-content\/uploads\/2024\/02\/LKAN-A3-DEF-SOLOW-768x1072.jpg 768w, https:\/\/test.cafelapalma.com\/wp-content\/uploads\/2024\/02\/LKAN-A3-DEF-SOLOW-1100x1536.jpg 1100w, https:\/\/test.cafelapalma.com\/wp-content\/uploads\/2024\/02\/LKAN-A3-DEF-SOLOW-1467x2048.jpg 1467w\" sizes=\"(max-width: 745px) 100vw, 745px\" \/><\/figure>\n<\/div>\n\n\n\n<div class=\"wp-block-column is-layout-flow wp-block-column-is-layout-flow\" style=\"flex-basis:66.66%\">\n<p><\/p>\n\n\n\n<p class=\"has-text-align-left\">Si hay un grupo con una trayectoria y estilo dif\u00edciles de clasificar en la escena pop alternativa espa\u00f1ola, ese es <strong>L KAN<\/strong>: una propuesta musical electropop con grandes dosis de teatralidad, humor y espect\u00e1culo cargada de cr\u00edtica social y reflexiones filos\u00f3ficas sobre la modernidad y la postmodernidad.<\/p>\n\n\n\n<p class=\"has-text-align-left\">No es un grupo f\u00e1cil de definir debido a la particularidad de sus conciertos, que son fiestas colectivas, donde la m\u00fasica es muy importante, pero la comunicaci\u00f3n e interacci\u00f3n con el p\u00fablico es fundamental. Los conciertos de <strong>L KAN<\/strong> jam\u00e1s son iguales porque adaptan sus performances a los lugares que visitan y a la actualidad social del d\u00eda y momento en el que tocan.<\/p>\n\n\n\n<p class=\"has-text-align-left\">Tras visitar <strong>CAFE LA PALMA<\/strong> por primera vez en 2018, la banda regresa, m\u00e1s de un lustro despu\u00e9s, con energ\u00edas renovadas y las mismas ganas de fiesta que siempre.<\/p>\n\n\n\n<p class=\"has-text-align-left\"><em>Con el apoyo de <\/em><strong>Escenarios VIBRA MAHOU<\/strong>.<\/p>\n\n\n\n<p class=\"has-text-align-right\"><a href=\"https:\/\/open.spotify.com\/intl-es\/artist\/6eayoEH8C2XPwQNTfXQgW3?si=j_xQIP3BTIiDgrCZiga3Vw\">Escucha a L KAN<\/a><\/p>\n<\/div>\n<\/div>\n\n\n\n<div style=\"height:100px\" aria-hidden=\"true\" class=\"wp-block-spacer\"><\/div>\n\n\n\n<hr class=\"wp-block-separator has-alpha-channel-opacity\"\/>\n\n\n\n<div style=\"height:100px\" aria-hidden=\"true\" class=\"wp-block-spacer\"><\/div>","excerpt":"","slug":"escenarios-vibra-mahou-l-kan","image":{"url":"https:\/\/test.cafelapalma.com\/wp-content\/uploads\/2024\/02\/LKAN_vivalafarsa_1.jpg","id":28223,"extension":"jpg","width":1145,"height":832,"filesize":405142,"sizes":{"medium":{"width":300,"height":218,"mime-type":"image\/jpeg","filesize":26896,"url":"https:\/\/test.cafelapalma.com\/wp-content\/uploads\/2024\/02\/LKAN_vivalafarsa_1-300x218.jpg"},"large":{"width":1040,"height":756,"mime-type":"image\/jpeg","filesize":152857,"url":"https:\/\/test.cafelapalma.com\/wp-content\/uploads\/2024\/02\/LKAN_vivalafarsa_1-1040x756.jpg"},"thumbnail":{"width":150,"height":150,"mime-type":"image\/jpeg","filesize":14791,"url":"https:\/\/test.cafelapalma.com\/wp-content\/uploads\/2024\/02\/LKAN_vivalafarsa_1-150x150.jpg"},"medium_large":{"width":768,"height":558,"mime-type":"image\/jpeg","filesize":96191,"url":"https:\/\/test.cafelapalma.com\/wp-content\/uploads\/2024\/02\/LKAN_vivalafarsa_1-768x558.jpg"},"blossom-feminine-slider":{"width":1145,"height":649,"mime-type":"image\/jpeg","filesize":158689,"url":"https:\/\/test.cafelapalma.com\/wp-content\/uploads\/2024\/02\/LKAN_vivalafarsa_1-1145x649.jpg"},"blossom-feminine-featured":{"width":1145,"height":600,"mime-type":"image\/jpeg","filesize":146697,"url":"https:\/\/test.cafelapalma.com\/wp-content\/uploads\/2024\/02\/LKAN_vivalafarsa_1-1145x600.jpg"},"blossom-feminine-with-sidebar":{"width":1020,"height":600,"mime-type":"image\/jpeg","filesize":125580,"url":"https:\/\/test.cafelapalma.com\/wp-content\/uploads\/2024\/02\/LKAN_vivalafarsa_1-1020x600.jpg"},"blossom-feminine-blog":{"width":435,"height":435,"mime-type":"image\/jpeg","filesize":52758,"url":"https:\/\/test.cafelapalma.com\/wp-content\/uploads\/2024\/02\/LKAN_vivalafarsa_1-435x435.jpg"},"blossom-feminine-cat":{"width":450,"height":300,"mime-type":"image\/jpeg","filesize":42604,"url":"https:\/\/test.cafelapalma.com\/wp-content\/uploads\/2024\/02\/LKAN_vivalafarsa_1-450x300.jpg"},"blossom-feminine-related":{"width":320,"height":200,"mime-type":"image\/jpeg","filesize":26094,"url":"https:\/\/test.cafelapalma.com\/wp-content\/uploads\/2024\/02\/LKAN_vivalafarsa_1-320x200.jpg"},"blossom-feminine-schema":{"width":83,"height":60,"mime-type":"image\/jpeg","filesize":9394,"url":"https:\/\/test.cafelapalma.com\/wp-content\/uploads\/2024\/02\/LKAN_vivalafarsa_1-83x60.jpg"}}},"all_day":false,"start_date":"2024-03-02 22:00:00","start_date_details":{"year":"2024","month":"03","day":"02","hour":"22","minutes":"00","seconds":"00"},"end_date":"2024-03-02 23:45:00","end_date_details":{"year":"2024","month":"03","day":"02","hour":"23","minutes":"45","seconds":"00"},"utc_start_date":"2024-03-02 21:00:00","utc_start_date_details":{"year":"2024","month":"03","day":"02","hour":"21","minutes":"00","seconds":"00"},"utc_end_date":"2024-03-02 22:45:00","utc_end_date_details":{"year":"2024","month":"03","day":"02","hour":"22","minutes":"45","seconds":"00"},"timezone":"Europe\/Madrid","timezone_abbr":"","cost":"ENTRADAS AGOTADAS","cost_details":{"currency_symbol":"\u20ac","currency_code":"USD","currency_position":"suffix","values":["entradas-agotadas"]},"website":"https:\/\/www.passline.com\/eventos\/l-kan","show_map":false,"show_map_link":false,"hide_from_listings":false,"sticky":true,"featured":true,"categories":[{"name":"Concierto","slug":"concierto","term_group":0,"term_taxonomy_id":8963,"taxonomy":"tribe_events_cat","description":"","parent":0,"count":952,"filter":"raw","id":8963,"urls":{"self":"https:\/\/test.cafelapalma.com\/en\/wp-json\/tribe\/events\/v1\/categories\/8963","collection":"https:\/\/test.cafelapalma.com\/en\/wp-json\/tribe\/events\/v1\/categories"}}],"tags":[{"name":"Bel\u00e9n Chanes","slug":"belen-chanes","term_group":0,"term_taxonomy_id":14813,"taxonomy":"post_tag","description":"","parent":0,"count":1,"filter":"raw","id":14813,"urls":{"self":"https:\/\/test.cafelapalma.com\/en\/wp-json\/tribe\/events\/v1\/tags\/14813","collection":"https:\/\/test.cafelapalma.com\/en\/wp-json\/tribe\/events\/v1\/tags"}},{"name":"Caf\u00e9 la Palma","slug":"cafe-la-palma","term_group":0,"term_taxonomy_id":79,"taxonomy":"post_tag","description":"","parent":0,"count":1494,"filter":"raw","id":1363,"urls":{"self":"https:\/\/test.cafelapalma.com\/en\/wp-json\/tribe\/events\/v1\/tags\/1363","collection":"https:\/\/test.cafelapalma.com\/en\/wp-json\/tribe\/events\/v1\/tags"}},{"name":"cafe la palma","slug":"cafe-la-palma-2","term_group":0,"term_taxonomy_id":8869,"taxonomy":"post_tag","description":"","parent":0,"count":934,"filter":"raw","id":8869,"urls":{"self":"https:\/\/test.cafelapalma.com\/en\/wp-json\/tribe\/events\/v1\/tags\/8869","collection":"https:\/\/test.cafelapalma.com\/en\/wp-json\/tribe\/events\/v1\/tags"}},{"name":"Conciertos Cafe La Palma","slug":"conciertos-cafe-la-palma","term_group":0,"term_taxonomy_id":2865,"taxonomy":"post_tag","description":"","parent":0,"count":1007,"filter":"raw","id":2865,"urls":{"self":"https:\/\/test.cafelapalma.com\/en\/wp-json\/tribe\/events\/v1\/tags\/2865","collection":"https:\/\/test.cafelapalma.com\/en\/wp-json\/tribe\/events\/v1\/tags"}},{"name":"Conciertos Madrid","slug":"conciertos-madrid","term_group":0,"term_taxonomy_id":9147,"taxonomy":"post_tag","description":"","parent":0,"count":965,"filter":"raw","id":9147,"urls":{"self":"https:\/\/test.cafelapalma.com\/en\/wp-json\/tribe\/events\/v1\/tags\/9147","collection":"https:\/\/test.cafelapalma.com\/en\/wp-json\/tribe\/events\/v1\/tags"}},{"name":"Conciertos Malasa\u00f1a","slug":"conciertos-malasana","term_group":0,"term_taxonomy_id":9146,"taxonomy":"post_tag","description":"","parent":0,"count":1027,"filter":"raw","id":9146,"urls":{"self":"https:\/\/test.cafelapalma.com\/en\/wp-json\/tribe\/events\/v1\/tags\/9146","collection":"https:\/\/test.cafelapalma.com\/en\/wp-json\/tribe\/events\/v1\/tags"}},{"name":"electropop","slug":"electropop","term_group":0,"term_taxonomy_id":13775,"taxonomy":"post_tag","description":"","parent":0,"count":8,"filter":"raw","id":13775,"urls":{"self":"https:\/\/test.cafelapalma.com\/en\/wp-json\/tribe\/events\/v1\/tags\/13775","collection":"https:\/\/test.cafelapalma.com\/en\/wp-json\/tribe\/events\/v1\/tags"}},{"name":"L KAN","slug":"l-kan","term_group":0,"term_taxonomy_id":15257,"taxonomy":"post_tag","description":"","parent":0,"count":1,"filter":"raw","id":15257,"urls":{"self":"https:\/\/test.cafelapalma.com\/en\/wp-json\/tribe\/events\/v1\/tags\/15257","collection":"https:\/\/test.cafelapalma.com\/en\/wp-json\/tribe\/events\/v1\/tags"}},{"name":"Marie Kondo","slug":"marie-kondo","term_group":0,"term_taxonomy_id":14814,"taxonomy":"post_tag","description":"","parent":0,"count":1,"filter":"raw","id":14814,"urls":{"self":"https:\/\/test.cafelapalma.com\/en\/wp-json\/tribe\/events\/v1\/tags\/14814","collection":"https:\/\/test.cafelapalma.com\/en\/wp-json\/tribe\/events\/v1\/tags"}},{"name":"Ochoymedio","slug":"ochoymedio","term_group":0,"term_taxonomy_id":13913,"taxonomy":"post_tag","description":"","parent":0,"count":3,"filter":"raw","id":13913,"urls":{"self":"https:\/\/test.cafelapalma.com\/en\/wp-json\/tribe\/events\/v1\/tags\/13913","collection":"https:\/\/test.cafelapalma.com\/en\/wp-json\/tribe\/events\/v1\/tags"}},{"name":"Para con el pan","slug":"para-con-el-pan","term_group":0,"term_taxonomy_id":15258,"taxonomy":"post_tag","description":"","parent":0,"count":1,"filter":"raw","id":15258,"urls":{"self":"https:\/\/test.cafelapalma.com\/en\/wp-json\/tribe\/events\/v1\/tags\/15258","collection":"https:\/\/test.cafelapalma.com\/en\/wp-json\/tribe\/events\/v1\/tags"}},{"name":"Pop","slug":"pop","term_group":0,"term_taxonomy_id":567,"taxonomy":"post_tag","description":"","parent":0,"count":523,"filter":"raw","id":1355,"urls":{"self":"https:\/\/test.cafelapalma.com\/en\/wp-json\/tribe\/events\/v1\/tags\/1355","collection":"https:\/\/test.cafelapalma.com\/en\/wp-json\/tribe\/events\/v1\/tags"}},{"name":"Se\u00f1oras que saltan","slug":"senoras-que-saltan","term_group":0,"term_taxonomy_id":15259,"taxonomy":"post_tag","description":"","parent":0,"count":1,"filter":"raw","id":15259,"urls":{"self":"https:\/\/test.cafelapalma.com\/en\/wp-json\/tribe\/events\/v1\/tags\/15259","collection":"https:\/\/test.cafelapalma.com\/en\/wp-json\/tribe\/events\/v1\/tags"}},{"name":"Subterfuge","slug":"subterfuge","term_group":0,"term_taxonomy_id":10195,"taxonomy":"post_tag","description":"","parent":0,"count":8,"filter":"raw","id":10195,"urls":{"self":"https:\/\/test.cafelapalma.com\/en\/wp-json\/tribe\/events\/v1\/tags\/10195","collection":"https:\/\/test.cafelapalma.com\/en\/wp-json\/tribe\/events\/v1\/tags"}}],"venue":[],"organizer":[],"custom_fields":[],"json_ld":{"@context":"http:\/\/schema.org","@type":"Event","name":"L KAN","description":"&lt;p&gt;Si hay un grupo con una trayectoria y estilo dif\u00edciles  [...]&lt;\/p&gt;\\n","image":"https:\/\/test.cafelapalma.com\/wp-content\/uploads\/2024\/02\/LKAN_vivalafarsa_1.jpg","url":"https:\/\/test.cafelapalma.com\/en\/programacion\/escenarios-vibra-mahou-l-kan\/","eventAttendanceMode":"https:\/\/schema.org\/OfflineEventAttendanceMode","eventStatus":"https:\/\/schema.org\/EventScheduled","startDate":"2024-03-02T22:00:00+01:00","endDate":"2024-03-02T23:45:00+01:00","offers":{"@type":"Offer","price":"ENTRADAS AGOTADAS","priceCurrency":"USD","url":"https:\/\/test.cafelapalma.com\/en\/programacion\/escenarios-vibra-mahou-l-kan\/","category":"primary","availability":"inStock","validFrom":"2024-08-02T00:00:00+00:00"},"performer":"Organization"},"is_virtual":false,"virtual_url":null,"virtual_video_source":""}