{"id":29164,"global_id":"test.cafelapalma.com\/en?id=29164","global_id_lineage":["test.cafelapalma.com\/en?id=29164"],"author":"2","status":"publish","date":"2024-07-04 12:54:53","date_utc":"2024-07-04 10:54:53","modified":"2024-07-04 12:55:44","modified_utc":"2024-07-04 10:55:44","url":"https:\/\/test.cafelapalma.com\/en\/programacion\/blindfold-not-another-teen-band\/","rest_url":"https:\/\/test.cafelapalma.com\/en\/wp-json\/tribe\/events\/v1\/events\/29164","title":"BLINDFOLD + NOT ANOTHER TEEN BAND","description":"<div  class=\"tribe-events-schedule tribe-clearfix\" >\n\t<p class=\"tribe-events-schedule__datetime\">\n\t\t<span class=\"tribe-events-schedule__date tribe-events-schedule__date--start\">\n\t\t\t\t\t<\/span>\n\n\t\t\t\t\t<span class=\"tribe-events-schedule__separator tribe-events-schedule__separator--date\">\n\t\t\t\t@\t\t\t<\/span>\n\t\t\t<span class=\"tribe-events-schedule__time tribe-events-schedule__time--start\">\n\t\t\t\t\t\t\t<\/span>\n\t\t\n\t\t\t<\/p>\n<\/div>\n\n\n<div  class=\"tribe-block tribe-block__event-price\" >\n\t\t\t\t<span class=\"tribe-block__event-price__description\">+ gg Anticipada | 13\u20ac Taquilla<\/span>\n\t<\/div>\n\n\n\n<div style=\"height:100px\" aria-hidden=\"true\" class=\"wp-block-spacer\"><\/div>\n\n\n\n<div class=\"wp-block-columns is-layout-flex wp-container-core-columns-is-layout-9d6595d7 wp-block-columns-is-layout-flex\">\n<div class=\"wp-block-column is-layout-flow wp-block-column-is-layout-flow\" style=\"flex-basis:33.33%\">\n<figure class=\"wp-block-image size-large\"><img decoding=\"async\" width=\"780\" height=\"1040\" src=\"https:\/\/test.cafelapalma.com\/wp-content\/uploads\/2024\/07\/BLINDFOLD-A3-780x1040.jpg\" alt=\"\" class=\"wp-image-29165\" srcset=\"https:\/\/test.cafelapalma.com\/wp-content\/uploads\/2024\/07\/BLINDFOLD-A3-45x60.jpg 45w, https:\/\/test.cafelapalma.com\/wp-content\/uploads\/2024\/07\/BLINDFOLD-A3-225x300.jpg 225w, https:\/\/test.cafelapalma.com\/wp-content\/uploads\/2024\/07\/BLINDFOLD-A3-768x1024.jpg 768w, https:\/\/test.cafelapalma.com\/wp-content\/uploads\/2024\/07\/BLINDFOLD-A3-780x1040.jpg 780w, https:\/\/test.cafelapalma.com\/wp-content\/uploads\/2024\/07\/BLINDFOLD-A3-1152x1536.jpg 1152w, https:\/\/test.cafelapalma.com\/wp-content\/uploads\/2024\/07\/BLINDFOLD-A3.jpg 1536w\" sizes=\"(max-width: 780px) 100vw, 780px\" \/><\/figure>\n\n\n<\/div>\n\n\n\n<div class=\"wp-block-column is-layout-flow wp-block-column-is-layout-flow\" style=\"flex-basis:66.66%\">\n<div style=\"height:100px\" aria-hidden=\"true\" class=\"wp-block-spacer\"><\/div>\n\n\n\n<p class=\"has-text-align-left\"><strong>BLINDFOLD <\/strong>es una banda grunge que surge en <strong>Madrid <\/strong>en 2024. La m\u00fasica viene con influencias de bandas como <strong>Nirvana <\/strong>o <strong>The Vaselines<\/strong>. <strong>Blindfold <\/strong>nace de la idea de <strong>Mateo <\/strong>(guitarra r\u00edtmica, vocalista y letrista) de crear una banda para poder expresarse a trav\u00e9s de la m\u00fasica. <strong>Mateo <\/strong>acude a <strong>Nora <\/strong>(bajista), <strong>Marcos <\/strong>(guitarra l\u00edder) y <strong>Guille <\/strong>(bater\u00eda) para hacer el sue\u00f1o realidad.<\/p>\n\n\n\n<p class=\"has-text-align-right\"><em><a href=\"https:\/\/www.instagram.com\/blindfoldtheband\/\">Sigue a <\/a><\/em><strong><a href=\"https:\/\/www.instagram.com\/blindfoldtheband\/\">BLINDFOLD <\/a><\/strong><em><a href=\"https:\/\/www.instagram.com\/blindfoldtheband\/\">en <\/a><\/em><strong><a href=\"https:\/\/www.instagram.com\/blindfoldtheband\/\">Instagram<\/a><\/strong><\/p>\n\n\n\n<p class=\"has-text-align-left\"><strong>NOT ANOTHER TEEN BAND<\/strong> es un grupo formado por cinco chicas; <strong>Nora<\/strong>, <strong>Carol<\/strong>, <strong>Estela<\/strong>, <strong>Emilia <\/strong>y <strong>Nora<\/strong>. La banda principalmente est\u00e1 enfocada en covers, aunque actualmente est\u00e1 tomando un nuevo rumbo, en el que se est\u00e1n componiendo canciones originales de estilo rock. <strong>Not another teen band<\/strong> ha dado ya varios conciertos en diversidad de espacios, desde el festival <strong>Barrio Sonoro<\/strong> hasta varios centros culturales.<\/p>\n\n\n\n<p class=\"has-text-align-right\"><em><a href=\"https:\/\/www.instagram.com\/not_another_teen_band_\/\">Sigue a <\/a><\/em><strong><a href=\"https:\/\/www.instagram.com\/not_another_teen_band_\/\">NOT ANOTHER TEEN BAND<\/a><\/strong><em><a href=\"https:\/\/www.instagram.com\/not_another_teen_band_\/\"> en <\/a><\/em><strong><a href=\"https:\/\/www.instagram.com\/not_another_teen_band_\/\">Instagram<\/a><\/strong><\/p>\n<\/div>\n<\/div>\n\n\n\n<div style=\"height:100px\" aria-hidden=\"true\" class=\"wp-block-spacer\"><\/div>\n\n\n\n<hr class=\"wp-block-separator has-alpha-channel-opacity\"\/>\n\n\n\n<div style=\"height:100px\" aria-hidden=\"true\" class=\"wp-block-spacer\"><\/div>","excerpt":"","slug":"blindfold-not-another-teen-band","image":{"url":"https:\/\/test.cafelapalma.com\/wp-content\/uploads\/2024\/07\/BLINDFOLD-PIC.jpg","id":29166,"extension":"jpg","width":1166,"height":874,"filesize":221916,"sizes":{"medium":{"width":300,"height":225,"mime-type":"image\/jpeg","filesize":16154,"url":"https:\/\/test.cafelapalma.com\/wp-content\/uploads\/2024\/07\/BLINDFOLD-PIC-300x225.jpg"},"large":{"width":1040,"height":780,"mime-type":"image\/jpeg","filesize":136038,"url":"https:\/\/test.cafelapalma.com\/wp-content\/uploads\/2024\/07\/BLINDFOLD-PIC-1040x780.jpg"},"thumbnail":{"width":150,"height":150,"mime-type":"image\/jpeg","filesize":6575,"url":"https:\/\/test.cafelapalma.com\/wp-content\/uploads\/2024\/07\/BLINDFOLD-PIC-150x150.jpg"},"medium_large":{"width":768,"height":576,"mime-type":"image\/jpeg","filesize":81370,"url":"https:\/\/test.cafelapalma.com\/wp-content\/uploads\/2024\/07\/BLINDFOLD-PIC-768x576.jpg"},"blossom-feminine-slider":{"width":1166,"height":649,"mime-type":"image\/jpeg","filesize":137969,"url":"https:\/\/test.cafelapalma.com\/wp-content\/uploads\/2024\/07\/BLINDFOLD-PIC-1166x649.jpg"},"blossom-feminine-featured":{"width":1166,"height":600,"mime-type":"image\/jpeg","filesize":135163,"url":"https:\/\/test.cafelapalma.com\/wp-content\/uploads\/2024\/07\/BLINDFOLD-PIC-1166x600.jpg"},"blossom-feminine-with-sidebar":{"width":1020,"height":600,"mime-type":"image\/jpeg","filesize":113362,"url":"https:\/\/test.cafelapalma.com\/wp-content\/uploads\/2024\/07\/BLINDFOLD-PIC-1020x600.jpg"},"blossom-feminine-blog":{"width":435,"height":435,"mime-type":"image\/jpeg","filesize":39801,"url":"https:\/\/test.cafelapalma.com\/wp-content\/uploads\/2024\/07\/BLINDFOLD-PIC-435x435.jpg"},"blossom-feminine-cat":{"width":450,"height":300,"mime-type":"image\/jpeg","filesize":31125,"url":"https:\/\/test.cafelapalma.com\/wp-content\/uploads\/2024\/07\/BLINDFOLD-PIC-450x300.jpg"},"blossom-feminine-related":{"width":320,"height":200,"mime-type":"image\/jpeg","filesize":16421,"url":"https:\/\/test.cafelapalma.com\/wp-content\/uploads\/2024\/07\/BLINDFOLD-PIC-320x200.jpg"},"blossom-feminine-schema":{"width":80,"height":60,"mime-type":"image\/jpeg","filesize":1971,"url":"https:\/\/test.cafelapalma.com\/wp-content\/uploads\/2024\/07\/BLINDFOLD-PIC-80x60.jpg"}}},"all_day":false,"start_date":"2024-07-10 21:00:00","start_date_details":{"year":"2024","month":"07","day":"10","hour":"21","minutes":"00","seconds":"00"},"end_date":"2024-07-10 23:30:00","end_date_details":{"year":"2024","month":"07","day":"10","hour":"23","minutes":"30","seconds":"00"},"utc_start_date":"2024-07-10 19:00:00","utc_start_date_details":{"year":"2024","month":"07","day":"10","hour":"19","minutes":"00","seconds":"00"},"utc_end_date":"2024-07-10 21:30:00","utc_end_date_details":{"year":"2024","month":"07","day":"10","hour":"21","minutes":"30","seconds":"00"},"timezone":"Europe\/Madrid","timezone_abbr":"","cost":"10\u20ac","cost_details":{"currency_symbol":"\u20ac","currency_code":"USD","currency_position":"suffix","values":["10"]},"website":"https:\/\/www.passline.com\/eventos\/blindfold-not-another-teen-band","show_map":false,"show_map_link":false,"hide_from_listings":false,"sticky":false,"featured":false,"categories":[{"name":"Concierto","slug":"concierto","term_group":0,"term_taxonomy_id":8963,"taxonomy":"tribe_events_cat","description":"","parent":0,"count":952,"filter":"raw","id":8963,"urls":{"self":"https:\/\/test.cafelapalma.com\/en\/wp-json\/tribe\/events\/v1\/categories\/8963","collection":"https:\/\/test.cafelapalma.com\/en\/wp-json\/tribe\/events\/v1\/categories"}}],"tags":[{"name":"Alternative Rock","slug":"alternative-rock","term_group":0,"term_taxonomy_id":14717,"taxonomy":"post_tag","description":"","parent":0,"count":3,"filter":"raw","id":14717,"urls":{"self":"https:\/\/test.cafelapalma.com\/en\/wp-json\/tribe\/events\/v1\/tags\/14717","collection":"https:\/\/test.cafelapalma.com\/en\/wp-json\/tribe\/events\/v1\/tags"}},{"name":"Barrio Sonoro","slug":"barrio-sonoro","term_group":0,"term_taxonomy_id":15960,"taxonomy":"post_tag","description":"","parent":0,"count":1,"filter":"raw","id":15960,"urls":{"self":"https:\/\/test.cafelapalma.com\/en\/wp-json\/tribe\/events\/v1\/tags\/15960","collection":"https:\/\/test.cafelapalma.com\/en\/wp-json\/tribe\/events\/v1\/tags"}},{"name":"Blindfold","slug":"blindfold","term_group":0,"term_taxonomy_id":15957,"taxonomy":"post_tag","description":"","parent":0,"count":1,"filter":"raw","id":15957,"urls":{"self":"https:\/\/test.cafelapalma.com\/en\/wp-json\/tribe\/events\/v1\/tags\/15957","collection":"https:\/\/test.cafelapalma.com\/en\/wp-json\/tribe\/events\/v1\/tags"}},{"name":"Caf\u00e9 la Palma","slug":"cafe-la-palma","term_group":0,"term_taxonomy_id":79,"taxonomy":"post_tag","description":"","parent":0,"count":1494,"filter":"raw","id":1363,"urls":{"self":"https:\/\/test.cafelapalma.com\/en\/wp-json\/tribe\/events\/v1\/tags\/1363","collection":"https:\/\/test.cafelapalma.com\/en\/wp-json\/tribe\/events\/v1\/tags"}},{"name":"cafe la palma","slug":"cafe-la-palma-2","term_group":0,"term_taxonomy_id":8869,"taxonomy":"post_tag","description":"","parent":0,"count":934,"filter":"raw","id":8869,"urls":{"self":"https:\/\/test.cafelapalma.com\/en\/wp-json\/tribe\/events\/v1\/tags\/8869","collection":"https:\/\/test.cafelapalma.com\/en\/wp-json\/tribe\/events\/v1\/tags"}},{"name":"Conciertos Cafe La Palma","slug":"conciertos-cafe-la-palma","term_group":0,"term_taxonomy_id":2865,"taxonomy":"post_tag","description":"","parent":0,"count":1007,"filter":"raw","id":2865,"urls":{"self":"https:\/\/test.cafelapalma.com\/en\/wp-json\/tribe\/events\/v1\/tags\/2865","collection":"https:\/\/test.cafelapalma.com\/en\/wp-json\/tribe\/events\/v1\/tags"}},{"name":"Conciertos Madrid","slug":"conciertos-madrid","term_group":0,"term_taxonomy_id":9147,"taxonomy":"post_tag","description":"","parent":0,"count":965,"filter":"raw","id":9147,"urls":{"self":"https:\/\/test.cafelapalma.com\/en\/wp-json\/tribe\/events\/v1\/tags\/9147","collection":"https:\/\/test.cafelapalma.com\/en\/wp-json\/tribe\/events\/v1\/tags"}},{"name":"Conciertos Malasa\u00f1a","slug":"conciertos-malasana","term_group":0,"term_taxonomy_id":9146,"taxonomy":"post_tag","description":"","parent":0,"count":1027,"filter":"raw","id":9146,"urls":{"self":"https:\/\/test.cafelapalma.com\/en\/wp-json\/tribe\/events\/v1\/tags\/9146","collection":"https:\/\/test.cafelapalma.com\/en\/wp-json\/tribe\/events\/v1\/tags"}},{"name":"Cover Band","slug":"cover-band","term_group":0,"term_taxonomy_id":15875,"taxonomy":"post_tag","description":"","parent":0,"count":3,"filter":"raw","id":15875,"urls":{"self":"https:\/\/test.cafelapalma.com\/en\/wp-json\/tribe\/events\/v1\/tags\/15875","collection":"https:\/\/test.cafelapalma.com\/en\/wp-json\/tribe\/events\/v1\/tags"}},{"name":"Grunge","slug":"grunge","term_group":0,"term_taxonomy_id":11357,"taxonomy":"post_tag","description":"","parent":0,"count":6,"filter":"raw","id":11357,"urls":{"self":"https:\/\/test.cafelapalma.com\/en\/wp-json\/tribe\/events\/v1\/tags\/11357","collection":"https:\/\/test.cafelapalma.com\/en\/wp-json\/tribe\/events\/v1\/tags"}},{"name":"Mateo Niembro","slug":"mateo-niembro","term_group":0,"term_taxonomy_id":15959,"taxonomy":"post_tag","description":"","parent":0,"count":1,"filter":"raw","id":15959,"urls":{"self":"https:\/\/test.cafelapalma.com\/en\/wp-json\/tribe\/events\/v1\/tags\/15959","collection":"https:\/\/test.cafelapalma.com\/en\/wp-json\/tribe\/events\/v1\/tags"}},{"name":"Not Another Teen Band","slug":"not-another-teen-band","term_group":0,"term_taxonomy_id":15958,"taxonomy":"post_tag","description":"","parent":0,"count":1,"filter":"raw","id":15958,"urls":{"self":"https:\/\/test.cafelapalma.com\/en\/wp-json\/tribe\/events\/v1\/tags\/15958","collection":"https:\/\/test.cafelapalma.com\/en\/wp-json\/tribe\/events\/v1\/tags"}},{"name":"Rock","slug":"rock","term_group":0,"term_taxonomy_id":566,"taxonomy":"post_tag","description":"","parent":0,"count":273,"filter":"raw","id":1354,"urls":{"self":"https:\/\/test.cafelapalma.com\/en\/wp-json\/tribe\/events\/v1\/tags\/1354","collection":"https:\/\/test.cafelapalma.com\/en\/wp-json\/tribe\/events\/v1\/tags"}},{"name":"Versiones","slug":"versiones","term_group":0,"term_taxonomy_id":12257,"taxonomy":"post_tag","description":"","parent":0,"count":6,"filter":"raw","id":12257,"urls":{"self":"https:\/\/test.cafelapalma.com\/en\/wp-json\/tribe\/events\/v1\/tags\/12257","collection":"https:\/\/test.cafelapalma.com\/en\/wp-json\/tribe\/events\/v1\/tags"}}],"venue":[],"organizer":[],"custom_fields":[],"json_ld":{"@context":"http:\/\/schema.org","@type":"Event","name":"BLINDFOLD + NOT ANOTHER TEEN BAND","description":"&lt;p&gt;BLINDFOLD es una banda grunge que surge en Madrid en  [...]&lt;\/p&gt;\\n","image":"https:\/\/test.cafelapalma.com\/wp-content\/uploads\/2024\/07\/BLINDFOLD-PIC.jpg","url":"https:\/\/test.cafelapalma.com\/en\/programacion\/blindfold-not-another-teen-band\/","eventAttendanceMode":"https:\/\/schema.org\/OfflineEventAttendanceMode","eventStatus":"https:\/\/schema.org\/EventScheduled","startDate":"2024-07-10T21:00:00+02:00","endDate":"2024-07-10T23:30:00+02:00","offers":{"@type":"Offer","price":"10","priceCurrency":"USD","url":"https:\/\/test.cafelapalma.com\/en\/programacion\/blindfold-not-another-teen-band\/","category":"primary","availability":"inStock","validFrom":"2024-04-07T00:00:00+00:00"},"performer":"Organization"},"is_virtual":false,"virtual_url":null,"virtual_video_source":""}