{"id":30301,"global_id":"test.cafelapalma.com\/en?id=30301","global_id_lineage":["test.cafelapalma.com\/en?id=30301"],"author":"2","status":"publish","date":"2025-01-08 17:45:26","date_utc":"2025-01-08 16:45:26","modified":"2025-01-08 17:45:29","modified_utc":"2025-01-08 16:45:29","url":"https:\/\/test.cafelapalma.com\/en\/programacion\/carajo-baby-dork\/","rest_url":"https:\/\/test.cafelapalma.com\/en\/wp-json\/tribe\/events\/v1\/events\/30301","title":"CARAJO BABY + DORK","description":"<div  class=\"tribe-events-schedule tribe-clearfix\" >\n\t<p class=\"tribe-events-schedule__datetime\">\n\t\t<span class=\"tribe-events-schedule__date tribe-events-schedule__date--start\">\n\t\t\t\t\t<\/span>\n\n\t\t\t\t\t<span class=\"tribe-events-schedule__separator tribe-events-schedule__separator--date\">\n\t\t\t\t@\t\t\t<\/span>\n\t\t\t<span class=\"tribe-events-schedule__time tribe-events-schedule__time--start\">\n\t\t\t\t\t\t\t<\/span>\n\t\t\n\t\t\t<\/p>\n<\/div>\n\n\n<div  class=\"tribe-block tribe-block__event-price\" >\n\t\t\t\t<span class=\"tribe-block__event-price__description\">+ gg Anticipada | 13\u20ac Taquilla<\/span>\n\t<\/div>\n\n\n\n<div style=\"height:100px\" aria-hidden=\"true\" class=\"wp-block-spacer\"><\/div>\n\n\n\n<div class=\"wp-block-columns is-layout-flex wp-container-core-columns-is-layout-9d6595d7 wp-block-columns-is-layout-flex\">\n<div class=\"wp-block-column is-layout-flow wp-block-column-is-layout-flow\" style=\"flex-basis:33.33%\">\n<figure class=\"wp-block-image size-full\"><img decoding=\"async\" width=\"397\" height=\"629\" src=\"https:\/\/test.cafelapalma.com\/wp-content\/uploads\/2025\/01\/CARTEL-CAFE-LA-PALMA.jpg\" alt=\"\" class=\"wp-image-30302\" srcset=\"https:\/\/test.cafelapalma.com\/wp-content\/uploads\/2025\/01\/CARTEL-CAFE-LA-PALMA-38x60.jpg 38w, https:\/\/test.cafelapalma.com\/wp-content\/uploads\/2025\/01\/CARTEL-CAFE-LA-PALMA-189x300.jpg 189w, https:\/\/test.cafelapalma.com\/wp-content\/uploads\/2025\/01\/CARTEL-CAFE-LA-PALMA.jpg 397w\" sizes=\"(max-width: 397px) 100vw, 397px\" \/><\/figure>\n\n\n<\/div>\n\n\n\n<div class=\"wp-block-column is-layout-flow wp-block-column-is-layout-flow\" style=\"flex-basis:66.66%\">\n<div style=\"height:100px\" aria-hidden=\"true\" class=\"wp-block-spacer\"><\/div>\n\n\n\n<p class=\"has-text-align-left\"><strong>CARAJO BABY<\/strong> cuenta con un sonido moderno y fresco acompa\u00f1ado de una actitud muy punk: Tras sacar sus primeros cuatro singles y su primer EP, se disponen a cerrar la presentaci\u00f3n de <strong><em>\u00abOkay, vale\u00bb<\/em><\/strong> con un \u00faltimo concierto en la capital para meterse a preparar su primer LP.<\/p>\n\n\n\n<p class=\"has-text-align-right\"><em><a href=\"https:\/\/open.spotify.com\/intl-es\/artist\/0AQ6lmUfxgYkBlgfrhZwsD?si=-Aksd15JTqW0eLFMrxe7hg\">Escucha a <\/a><\/em><strong><a href=\"https:\/\/open.spotify.com\/intl-es\/artist\/0AQ6lmUfxgYkBlgfrhZwsD?si=-Aksd15JTqW0eLFMrxe7hg\">CARAJO BABY<\/a><\/strong><em><a href=\"https:\/\/open.spotify.com\/intl-es\/artist\/0AQ6lmUfxgYkBlgfrhZwsD?si=-Aksd15JTqW0eLFMrxe7hg\"> en <\/a><\/em><strong><a href=\"https:\/\/open.spotify.com\/intl-es\/artist\/0AQ6lmUfxgYkBlgfrhZwsD?si=-Aksd15JTqW0eLFMrxe7hg\">Spotify<\/a><\/strong><\/p>\n\n\n\n<p class=\"has-text-align-left\"><strong>DORK <\/strong>surge de la fus\u00f3n del rock psicod\u00e9lico, la innovaci\u00f3n del rock alternativo y la accesibilidad del pop llevando a sus oyentes directos a su peculiar universo una vez conocido como <strong>Logro\u00f1o<\/strong>.<\/p>\n\n\n\n<p class=\"has-text-align-right\"><em><a href=\"https:\/\/open.spotify.com\/intl-es\/artist\/76QFsdAqZECaFPJW1bxIKV?si=epUcFxtSSqCVFczLj548qQ\">Escucha a <\/a><\/em><strong><a href=\"https:\/\/open.spotify.com\/intl-es\/artist\/76QFsdAqZECaFPJW1bxIKV?si=epUcFxtSSqCVFczLj548qQ\">DORK <\/a><\/strong><em><a href=\"https:\/\/open.spotify.com\/intl-es\/artist\/76QFsdAqZECaFPJW1bxIKV?si=epUcFxtSSqCVFczLj548qQ\">en <\/a><\/em><strong><a href=\"https:\/\/open.spotify.com\/intl-es\/artist\/76QFsdAqZECaFPJW1bxIKV?si=epUcFxtSSqCVFczLj548qQ\">Spotify<\/a><\/strong><\/p>\n<\/div>\n<\/div>\n\n\n\n<div style=\"height:100px\" aria-hidden=\"true\" class=\"wp-block-spacer\"><\/div>\n\n\n\n<hr class=\"wp-block-separator has-alpha-channel-opacity\"\/>\n\n\n\n<div style=\"height:100px\" aria-hidden=\"true\" class=\"wp-block-spacer\"><\/div>","excerpt":"","slug":"carajo-baby-dork","image":{"url":"https:\/\/test.cafelapalma.com\/wp-content\/uploads\/2025\/01\/Imgen-Carajo-Baby-vertical.jpg","id":30303,"extension":"jpg","width":397,"height":629,"filesize":91465,"sizes":{"medium":{"width":189,"height":300,"mime-type":"image\/jpeg","filesize":15111,"url":"https:\/\/test.cafelapalma.com\/wp-content\/uploads\/2025\/01\/Imgen-Carajo-Baby-vertical-189x300.jpg"},"thumbnail":{"width":150,"height":150,"mime-type":"image\/jpeg","filesize":8176,"url":"https:\/\/test.cafelapalma.com\/wp-content\/uploads\/2025\/01\/Imgen-Carajo-Baby-vertical-150x150.jpg"},"blossom-feminine-featured":{"width":397,"height":600,"mime-type":"image\/jpeg","filesize":57446,"url":"https:\/\/test.cafelapalma.com\/wp-content\/uploads\/2025\/01\/Imgen-Carajo-Baby-vertical-397x600.jpg"},"blossom-feminine-with-sidebar":{"width":397,"height":600,"mime-type":"image\/jpeg","filesize":57446,"url":"https:\/\/test.cafelapalma.com\/wp-content\/uploads\/2025\/01\/Imgen-Carajo-Baby-vertical-397x600.jpg"},"blossom-feminine-blog":{"width":397,"height":435,"mime-type":"image\/jpeg","filesize":48025,"url":"https:\/\/test.cafelapalma.com\/wp-content\/uploads\/2025\/01\/Imgen-Carajo-Baby-vertical-397x435.jpg"},"blossom-feminine-cat":{"width":397,"height":300,"mime-type":"image\/jpeg","filesize":34706,"url":"https:\/\/test.cafelapalma.com\/wp-content\/uploads\/2025\/01\/Imgen-Carajo-Baby-vertical-397x300.jpg"},"blossom-feminine-related":{"width":320,"height":200,"mime-type":"image\/jpeg","filesize":18152,"url":"https:\/\/test.cafelapalma.com\/wp-content\/uploads\/2025\/01\/Imgen-Carajo-Baby-vertical-320x200.jpg"},"blossom-feminine-schema":{"width":38,"height":60,"mime-type":"image\/jpeg","filesize":1763,"url":"https:\/\/test.cafelapalma.com\/wp-content\/uploads\/2025\/01\/Imgen-Carajo-Baby-vertical-38x60.jpg"}}},"all_day":false,"start_date":"2025-03-01 21:30:00","start_date_details":{"year":"2025","month":"03","day":"01","hour":"21","minutes":"30","seconds":"00"},"end_date":"2025-03-01 23:50:00","end_date_details":{"year":"2025","month":"03","day":"01","hour":"23","minutes":"50","seconds":"00"},"utc_start_date":"2025-03-01 20:30:00","utc_start_date_details":{"year":"2025","month":"03","day":"01","hour":"20","minutes":"30","seconds":"00"},"utc_end_date":"2025-03-01 22:50:00","utc_end_date_details":{"year":"2025","month":"03","day":"01","hour":"22","minutes":"50","seconds":"00"},"timezone":"Europe\/Madrid","timezone_abbr":"","cost":"11\u20ac","cost_details":{"currency_symbol":"\u20ac","currency_code":"USD","currency_position":"suffix","values":["11"]},"website":"https:\/\/entradium.com\/events\/carajo-baby-dork-en-cafe-la-palma-madrid","show_map":false,"show_map_link":false,"hide_from_listings":false,"sticky":false,"featured":false,"categories":[{"name":"Concierto","slug":"concierto","term_group":0,"term_taxonomy_id":8963,"taxonomy":"tribe_events_cat","description":"","parent":0,"count":952,"filter":"raw","id":8963,"urls":{"self":"https:\/\/test.cafelapalma.com\/en\/wp-json\/tribe\/events\/v1\/categories\/8963","collection":"https:\/\/test.cafelapalma.com\/en\/wp-json\/tribe\/events\/v1\/categories"}}],"tags":[{"name":"Caf\u00e9 la Palma","slug":"cafe-la-palma","term_group":0,"term_taxonomy_id":79,"taxonomy":"post_tag","description":"","parent":0,"count":1494,"filter":"raw","id":1363,"urls":{"self":"https:\/\/test.cafelapalma.com\/en\/wp-json\/tribe\/events\/v1\/tags\/1363","collection":"https:\/\/test.cafelapalma.com\/en\/wp-json\/tribe\/events\/v1\/tags"}},{"name":"cafe la palma","slug":"cafe-la-palma-2","term_group":0,"term_taxonomy_id":8869,"taxonomy":"post_tag","description":"","parent":0,"count":934,"filter":"raw","id":8869,"urls":{"self":"https:\/\/test.cafelapalma.com\/en\/wp-json\/tribe\/events\/v1\/tags\/8869","collection":"https:\/\/test.cafelapalma.com\/en\/wp-json\/tribe\/events\/v1\/tags"}},{"name":"Carajo Baby","slug":"carajo-baby","term_group":0,"term_taxonomy_id":16793,"taxonomy":"post_tag","description":"","parent":0,"count":1,"filter":"raw","id":16794,"urls":{"self":"https:\/\/test.cafelapalma.com\/en\/wp-json\/tribe\/events\/v1\/tags\/16794","collection":"https:\/\/test.cafelapalma.com\/en\/wp-json\/tribe\/events\/v1\/tags"}},{"name":"Conciertos Cafe La Palma","slug":"conciertos-cafe-la-palma","term_group":0,"term_taxonomy_id":2865,"taxonomy":"post_tag","description":"","parent":0,"count":1007,"filter":"raw","id":2865,"urls":{"self":"https:\/\/test.cafelapalma.com\/en\/wp-json\/tribe\/events\/v1\/tags\/2865","collection":"https:\/\/test.cafelapalma.com\/en\/wp-json\/tribe\/events\/v1\/tags"}},{"name":"Conciertos Madrid","slug":"conciertos-madrid","term_group":0,"term_taxonomy_id":9147,"taxonomy":"post_tag","description":"","parent":0,"count":965,"filter":"raw","id":9147,"urls":{"self":"https:\/\/test.cafelapalma.com\/en\/wp-json\/tribe\/events\/v1\/tags\/9147","collection":"https:\/\/test.cafelapalma.com\/en\/wp-json\/tribe\/events\/v1\/tags"}},{"name":"Conciertos Malasa\u00f1a","slug":"conciertos-malasana","term_group":0,"term_taxonomy_id":9146,"taxonomy":"post_tag","description":"","parent":0,"count":1027,"filter":"raw","id":9146,"urls":{"self":"https:\/\/test.cafelapalma.com\/en\/wp-json\/tribe\/events\/v1\/tags\/9146","collection":"https:\/\/test.cafelapalma.com\/en\/wp-json\/tribe\/events\/v1\/tags"}},{"name":"Dork","slug":"dork","term_group":0,"term_taxonomy_id":16794,"taxonomy":"post_tag","description":"","parent":0,"count":1,"filter":"raw","id":16795,"urls":{"self":"https:\/\/test.cafelapalma.com\/en\/wp-json\/tribe\/events\/v1\/tags\/16795","collection":"https:\/\/test.cafelapalma.com\/en\/wp-json\/tribe\/events\/v1\/tags"}},{"name":"Okay vale","slug":"okay-vale","term_group":0,"term_taxonomy_id":16796,"taxonomy":"post_tag","description":"","parent":0,"count":1,"filter":"raw","id":16797,"urls":{"self":"https:\/\/test.cafelapalma.com\/en\/wp-json\/tribe\/events\/v1\/tags\/16797","collection":"https:\/\/test.cafelapalma.com\/en\/wp-json\/tribe\/events\/v1\/tags"}},{"name":"Pop","slug":"pop","term_group":0,"term_taxonomy_id":567,"taxonomy":"post_tag","description":"","parent":0,"count":523,"filter":"raw","id":1355,"urls":{"self":"https:\/\/test.cafelapalma.com\/en\/wp-json\/tribe\/events\/v1\/tags\/1355","collection":"https:\/\/test.cafelapalma.com\/en\/wp-json\/tribe\/events\/v1\/tags"}}],"venue":[],"organizer":[],"custom_fields":[],"json_ld":{"@context":"http:\/\/schema.org","@type":"Event","name":"CARAJO BABY + DORK","description":"&lt;p&gt;CARAJO BABY cuenta con un sonido moderno y fresco acompa\u00f1ado  [...]&lt;\/p&gt;\\n","image":"https:\/\/test.cafelapalma.com\/wp-content\/uploads\/2025\/01\/Imgen-Carajo-Baby-vertical.jpg","url":"https:\/\/test.cafelapalma.com\/en\/programacion\/carajo-baby-dork\/","eventAttendanceMode":"https:\/\/schema.org\/OfflineEventAttendanceMode","eventStatus":"https:\/\/schema.org\/EventScheduled","startDate":"2025-03-01T21:30:00+01:00","endDate":"2025-03-01T23:50:00+01:00","offers":{"@type":"Offer","price":"11","priceCurrency":"USD","url":"https:\/\/test.cafelapalma.com\/en\/programacion\/carajo-baby-dork\/","category":"primary","availability":"inStock","validFrom":"2025-08-01T00:00:00+00:00"},"performer":"Organization"},"is_virtual":false,"virtual_url":null,"virtual_video_source":""}