{"id":30402,"global_id":"test.cafelapalma.com\/en?id=30402","global_id_lineage":["test.cafelapalma.com\/en?id=30402"],"author":"2","status":"publish","date":"2025-01-22 11:13:49","date_utc":"2025-01-22 10:13:49","modified":"2025-01-22 11:13:56","modified_utc":"2025-01-22 10:13:56","url":"https:\/\/test.cafelapalma.com\/en\/programacion\/clipbeat-presenta-la-cruda\/","rest_url":"https:\/\/test.cafelapalma.com\/en\/wp-json\/tribe\/events\/v1\/events\/30402","title":"LA CRUDA","description":"<div  class=\"tribe-events-schedule tribe-clearfix\" >\n\t<p class=\"tribe-events-schedule__datetime\">\n\t\t<span class=\"tribe-events-schedule__date tribe-events-schedule__date--start\">\n\t\t\t\t\t<\/span>\n\n\t\t\t\t\t<span class=\"tribe-events-schedule__separator tribe-events-schedule__separator--date\">\n\t\t\t\t@\t\t\t<\/span>\n\t\t\t<span class=\"tribe-events-schedule__time tribe-events-schedule__time--start\">\n\t\t\t\t\t\t\t<\/span>\n\t\t\n\t\t\t<\/p>\n<\/div>\n\n\n<div  class=\"tribe-block tribe-block__event-price\" >\n\t\t\t\t<span class=\"tribe-block__event-price__description\">+ gg Anticipada | 12\u20ac Taquilla<\/span>\n\t<\/div>\n\n\n\n<div style=\"height:100px\" aria-hidden=\"true\" class=\"wp-block-spacer\"><\/div>\n\n\n\n<div class=\"wp-block-columns is-layout-flex wp-container-core-columns-is-layout-9d6595d7 wp-block-columns-is-layout-flex\">\n<div class=\"wp-block-column is-layout-flow wp-block-column-is-layout-flow\" style=\"flex-basis:33.33%\">\n<figure class=\"wp-block-image size-large\"><img decoding=\"async\" width=\"693\" height=\"1040\" src=\"https:\/\/test.cafelapalma.com\/wp-content\/uploads\/2025\/01\/LA-CRUDA-A3-LOW-693x1040.jpg\" alt=\"\" class=\"wp-image-30403\" srcset=\"https:\/\/test.cafelapalma.com\/wp-content\/uploads\/2025\/01\/LA-CRUDA-A3-LOW-40x60.jpg 40w, https:\/\/test.cafelapalma.com\/wp-content\/uploads\/2025\/01\/LA-CRUDA-A3-LOW-200x300.jpg 200w, https:\/\/test.cafelapalma.com\/wp-content\/uploads\/2025\/01\/LA-CRUDA-A3-LOW-693x1040.jpg 693w, https:\/\/test.cafelapalma.com\/wp-content\/uploads\/2025\/01\/LA-CRUDA-A3-LOW-768x1152.jpg 768w, https:\/\/test.cafelapalma.com\/wp-content\/uploads\/2025\/01\/LA-CRUDA-A3-LOW-1024x1536.jpg 1024w, https:\/\/test.cafelapalma.com\/wp-content\/uploads\/2025\/01\/LA-CRUDA-A3-LOW-1365x2048.jpg 1365w\" sizes=\"(max-width: 693px) 100vw, 693px\" \/><\/figure>\n\n\n<\/div>\n\n\n\n<div class=\"wp-block-column is-layout-flow wp-block-column-is-layout-flow\" style=\"flex-basis:66.66%\">\n<div style=\"height:100px\" aria-hidden=\"true\" class=\"wp-block-spacer\"><\/div>\n\n\n\n<p class=\"has-text-align-left\"><strong>LA CRUDA<\/strong> es un recorrido musical que combina distintos estilos: la emoci\u00f3n del bolero, la fuerza del rap y la energ\u00eda de la rumba. Cada canci\u00f3n refleja la magia de las letras sinceras de <strong>Dani Aguilera<\/strong> y la voz suave de <strong>Quique Montero<\/strong>. <\/p>\n\n\n\n<p class=\"has-text-align-left\">En <strong>La Cruda<\/strong>, la m\u00fasica se convierte en un espacio donde la diversidad y la poes\u00eda se unen, ofreciendo una experiencia \u00fanica y cautivadora para todos.<\/p>\n<\/div>\n<\/div>\n\n\n\n<div style=\"height:100px\" aria-hidden=\"true\" class=\"wp-block-spacer\"><\/div>\n\n\n\n<hr class=\"wp-block-separator has-alpha-channel-opacity\"\/>\n\n\n\n<div style=\"height:100px\" aria-hidden=\"true\" class=\"wp-block-spacer\"><\/div>","excerpt":"","slug":"clipbeat-presenta-la-cruda","image":{"url":"https:\/\/test.cafelapalma.com\/wp-content\/uploads\/2025\/01\/LACRUDAPIC-scaled.jpg","id":30404,"extension":"jpg","width":3000,"height":2254,"filesize":810935,"sizes":{"medium":{"width":300,"height":225,"mime-type":"image\/jpeg","filesize":13953,"url":"https:\/\/test.cafelapalma.com\/wp-content\/uploads\/2025\/01\/LACRUDAPIC-300x225.jpg"},"large":{"width":1040,"height":781,"mime-type":"image\/jpeg","filesize":119607,"url":"https:\/\/test.cafelapalma.com\/wp-content\/uploads\/2025\/01\/LACRUDAPIC-1040x781.jpg"},"thumbnail":{"width":150,"height":150,"mime-type":"image\/jpeg","filesize":6225,"url":"https:\/\/test.cafelapalma.com\/wp-content\/uploads\/2025\/01\/LACRUDAPIC-150x150.jpg"},"medium_large":{"width":768,"height":577,"mime-type":"image\/jpeg","filesize":69926,"url":"https:\/\/test.cafelapalma.com\/wp-content\/uploads\/2025\/01\/LACRUDAPIC-768x577.jpg"},"1536x1536":{"width":1536,"height":1154,"mime-type":"image\/jpeg","filesize":243468,"url":"https:\/\/test.cafelapalma.com\/wp-content\/uploads\/2025\/01\/LACRUDAPIC-1536x1154.jpg"},"2048x2048":{"width":2048,"height":1539,"mime-type":"image\/jpeg","filesize":410423,"url":"https:\/\/test.cafelapalma.com\/wp-content\/uploads\/2025\/01\/LACRUDAPIC-2048x1539.jpg"},"blossom-feminine-slider":{"width":1920,"height":649,"mime-type":"image\/jpeg","filesize":185445,"url":"https:\/\/test.cafelapalma.com\/wp-content\/uploads\/2025\/01\/LACRUDAPIC-1920x649.jpg"},"blossom-feminine-featured":{"width":1410,"height":600,"mime-type":"image\/jpeg","filesize":132336,"url":"https:\/\/test.cafelapalma.com\/wp-content\/uploads\/2025\/01\/LACRUDAPIC-1410x600.jpg"},"blossom-feminine-with-sidebar":{"width":1020,"height":600,"mime-type":"image\/jpeg","filesize":96859,"url":"https:\/\/test.cafelapalma.com\/wp-content\/uploads\/2025\/01\/LACRUDAPIC-1020x600.jpg"},"blossom-feminine-blog":{"width":435,"height":435,"mime-type":"image\/jpeg","filesize":36875,"url":"https:\/\/test.cafelapalma.com\/wp-content\/uploads\/2025\/01\/LACRUDAPIC-435x435.jpg"},"blossom-feminine-cat":{"width":450,"height":300,"mime-type":"image\/jpeg","filesize":25432,"url":"https:\/\/test.cafelapalma.com\/wp-content\/uploads\/2025\/01\/LACRUDAPIC-450x300.jpg"},"blossom-feminine-related":{"width":320,"height":200,"mime-type":"image\/jpeg","filesize":13578,"url":"https:\/\/test.cafelapalma.com\/wp-content\/uploads\/2025\/01\/LACRUDAPIC-320x200.jpg"},"blossom-feminine-schema":{"width":80,"height":60,"mime-type":"image\/jpeg","filesize":1902,"url":"https:\/\/test.cafelapalma.com\/wp-content\/uploads\/2025\/01\/LACRUDAPIC-80x60.jpg"}},"original_image":"LACRUDAPIC.jpg"},"all_day":false,"start_date":"2025-02-16 21:00:00","start_date_details":{"year":"2025","month":"02","day":"16","hour":"21","minutes":"00","seconds":"00"},"end_date":"2025-02-16 22:45:00","end_date_details":{"year":"2025","month":"02","day":"16","hour":"22","minutes":"45","seconds":"00"},"utc_start_date":"2025-02-16 20:00:00","utc_start_date_details":{"year":"2025","month":"02","day":"16","hour":"20","minutes":"00","seconds":"00"},"utc_end_date":"2025-02-16 21:45:00","utc_end_date_details":{"year":"2025","month":"02","day":"16","hour":"21","minutes":"45","seconds":"00"},"timezone":"Europe\/Madrid","timezone_abbr":"","cost":"10\u20ac","cost_details":{"currency_symbol":"\u20ac","currency_code":"USD","currency_position":"suffix","values":["10"]},"website":"https:\/\/www.passline.com\/eventos\/la-cruda","show_map":false,"show_map_link":false,"hide_from_listings":false,"sticky":false,"featured":false,"categories":[{"name":"Concierto","slug":"concierto","term_group":0,"term_taxonomy_id":8963,"taxonomy":"tribe_events_cat","description":"","parent":0,"count":952,"filter":"raw","id":8963,"urls":{"self":"https:\/\/test.cafelapalma.com\/en\/wp-json\/tribe\/events\/v1\/categories\/8963","collection":"https:\/\/test.cafelapalma.com\/en\/wp-json\/tribe\/events\/v1\/categories"}}],"tags":[{"name":"Caf\u00e9 la Palma","slug":"cafe-la-palma","term_group":0,"term_taxonomy_id":79,"taxonomy":"post_tag","description":"","parent":0,"count":1494,"filter":"raw","id":1363,"urls":{"self":"https:\/\/test.cafelapalma.com\/en\/wp-json\/tribe\/events\/v1\/tags\/1363","collection":"https:\/\/test.cafelapalma.com\/en\/wp-json\/tribe\/events\/v1\/tags"}},{"name":"cafe la palma","slug":"cafe-la-palma-2","term_group":0,"term_taxonomy_id":8869,"taxonomy":"post_tag","description":"","parent":0,"count":934,"filter":"raw","id":8869,"urls":{"self":"https:\/\/test.cafelapalma.com\/en\/wp-json\/tribe\/events\/v1\/tags\/8869","collection":"https:\/\/test.cafelapalma.com\/en\/wp-json\/tribe\/events\/v1\/tags"}},{"name":"Clipbeat","slug":"clipbeat","term_group":0,"term_taxonomy_id":16836,"taxonomy":"post_tag","description":"","parent":0,"count":5,"filter":"raw","id":16837,"urls":{"self":"https:\/\/test.cafelapalma.com\/en\/wp-json\/tribe\/events\/v1\/tags\/16837","collection":"https:\/\/test.cafelapalma.com\/en\/wp-json\/tribe\/events\/v1\/tags"}},{"name":"Conciertos Cafe La Palma","slug":"conciertos-cafe-la-palma","term_group":0,"term_taxonomy_id":2865,"taxonomy":"post_tag","description":"","parent":0,"count":1007,"filter":"raw","id":2865,"urls":{"self":"https:\/\/test.cafelapalma.com\/en\/wp-json\/tribe\/events\/v1\/tags\/2865","collection":"https:\/\/test.cafelapalma.com\/en\/wp-json\/tribe\/events\/v1\/tags"}},{"name":"Conciertos Malasa\u00f1a","slug":"conciertos-malasana","term_group":0,"term_taxonomy_id":9146,"taxonomy":"post_tag","description":"","parent":0,"count":1027,"filter":"raw","id":9146,"urls":{"self":"https:\/\/test.cafelapalma.com\/en\/wp-json\/tribe\/events\/v1\/tags\/9146","collection":"https:\/\/test.cafelapalma.com\/en\/wp-json\/tribe\/events\/v1\/tags"}},{"name":"Dani Aguilera","slug":"dani-aguilera","term_group":0,"term_taxonomy_id":16875,"taxonomy":"post_tag","description":"","parent":0,"count":1,"filter":"raw","id":16876,"urls":{"self":"https:\/\/test.cafelapalma.com\/en\/wp-json\/tribe\/events\/v1\/tags\/16876","collection":"https:\/\/test.cafelapalma.com\/en\/wp-json\/tribe\/events\/v1\/tags"}},{"name":"indie","slug":"indie","term_group":0,"term_taxonomy_id":8970,"taxonomy":"post_tag","description":"","parent":0,"count":309,"filter":"raw","id":8970,"urls":{"self":"https:\/\/test.cafelapalma.com\/en\/wp-json\/tribe\/events\/v1\/tags\/8970","collection":"https:\/\/test.cafelapalma.com\/en\/wp-json\/tribe\/events\/v1\/tags"}},{"name":"La Cruda","slug":"la-cruda","term_group":0,"term_taxonomy_id":16874,"taxonomy":"post_tag","description":"","parent":0,"count":1,"filter":"raw","id":16875,"urls":{"self":"https:\/\/test.cafelapalma.com\/en\/wp-json\/tribe\/events\/v1\/tags\/16875","collection":"https:\/\/test.cafelapalma.com\/en\/wp-json\/tribe\/events\/v1\/tags"}},{"name":"Pop","slug":"pop","term_group":0,"term_taxonomy_id":567,"taxonomy":"post_tag","description":"","parent":0,"count":523,"filter":"raw","id":1355,"urls":{"self":"https:\/\/test.cafelapalma.com\/en\/wp-json\/tribe\/events\/v1\/tags\/1355","collection":"https:\/\/test.cafelapalma.com\/en\/wp-json\/tribe\/events\/v1\/tags"}},{"name":"Quique Montero","slug":"quique-montero","term_group":0,"term_taxonomy_id":16876,"taxonomy":"post_tag","description":"","parent":0,"count":1,"filter":"raw","id":16877,"urls":{"self":"https:\/\/test.cafelapalma.com\/en\/wp-json\/tribe\/events\/v1\/tags\/16877","collection":"https:\/\/test.cafelapalma.com\/en\/wp-json\/tribe\/events\/v1\/tags"}}],"venue":[],"organizer":[],"custom_fields":[],"json_ld":{"@context":"http:\/\/schema.org","@type":"Event","name":"LA CRUDA","description":"&lt;p&gt;LA CRUDA es un recorrido musical que combina distintos estilos:  [...]&lt;\/p&gt;\\n","image":"https:\/\/test.cafelapalma.com\/wp-content\/uploads\/2025\/01\/LACRUDAPIC-scaled.jpg","url":"https:\/\/test.cafelapalma.com\/en\/programacion\/clipbeat-presenta-la-cruda\/","eventAttendanceMode":"https:\/\/schema.org\/OfflineEventAttendanceMode","eventStatus":"https:\/\/schema.org\/EventScheduled","startDate":"2025-02-16T21:00:00+01:00","endDate":"2025-02-16T22:45:00+01:00","offers":{"@type":"Offer","price":"10","priceCurrency":"USD","url":"https:\/\/test.cafelapalma.com\/en\/programacion\/clipbeat-presenta-la-cruda\/","category":"primary","availability":"inStock","validFrom":"1970-01-01T00:00:00+00:00"},"performer":"Organization"},"is_virtual":false,"virtual_url":null,"virtual_video_source":""}