{"id":31545,"global_id":"test.cafelapalma.com\/en?id=31545","global_id_lineage":["test.cafelapalma.com\/en?id=31545"],"author":"2","status":"publish","date":"2025-07-09 13:11:13","date_utc":"2025-07-09 11:11:13","modified":"2025-07-09 13:11:15","modified_utc":"2025-07-09 11:11:15","url":"https:\/\/test.cafelapalma.com\/en\/programacion\/vibi-aura-presenta-jaleo\/","rest_url":"https:\/\/test.cafelapalma.com\/en\/wp-json\/tribe\/events\/v1\/events\/31545","title":"VIBI AURA","description":"<div  class=\"tribe-events-schedule tribe-clearfix\" >\n\t<p class=\"tribe-events-schedule__datetime\">\n\t\t<span class=\"tribe-events-schedule__date tribe-events-schedule__date--start\">\n\t\t\t\t\t<\/span>\n\n\t\t\t\t\t<span class=\"tribe-events-schedule__separator tribe-events-schedule__separator--date\">\n\t\t\t\t@\t\t\t<\/span>\n\t\t\t<span class=\"tribe-events-schedule__time tribe-events-schedule__time--start\">\n\t\t\t\t\t\t\t<\/span>\n\t\t\n\t\t\t<\/p>\n<\/div>\n\n\n<div  class=\"tribe-block tribe-block__event-price\" >\n\t\t<\/div>\n\n\n\n<div style=\"height:100px\" aria-hidden=\"true\" class=\"wp-block-spacer\"><\/div>\n\n\n\n<div class=\"wp-block-columns is-layout-flex wp-container-core-columns-is-layout-9d6595d7 wp-block-columns-is-layout-flex\">\n<div class=\"wp-block-column is-layout-flow wp-block-column-is-layout-flow\" style=\"flex-basis:33.33%\">\n<figure class=\"wp-block-image size-large\"><img decoding=\"async\" width=\"735\" height=\"1040\" src=\"https:\/\/test.cafelapalma.com\/wp-content\/uploads\/2025\/07\/VIBI-A3-LOW-735x1040.jpg\" alt=\"\" class=\"wp-image-31546\" srcset=\"https:\/\/test.cafelapalma.com\/wp-content\/uploads\/2025\/07\/VIBI-A3-LOW-8x12.jpg 8w, https:\/\/test.cafelapalma.com\/wp-content\/uploads\/2025\/07\/VIBI-A3-LOW-42x60.jpg 42w, https:\/\/test.cafelapalma.com\/wp-content\/uploads\/2025\/07\/VIBI-A3-LOW-212x300.jpg 212w, https:\/\/test.cafelapalma.com\/wp-content\/uploads\/2025\/07\/VIBI-A3-LOW-735x1040.jpg 735w, https:\/\/test.cafelapalma.com\/wp-content\/uploads\/2025\/07\/VIBI-A3-LOW-768x1086.jpg 768w, https:\/\/test.cafelapalma.com\/wp-content\/uploads\/2025\/07\/VIBI-A3-LOW-1086x1536.jpg 1086w, https:\/\/test.cafelapalma.com\/wp-content\/uploads\/2025\/07\/VIBI-A3-LOW-1448x2048.jpg 1448w, https:\/\/test.cafelapalma.com\/wp-content\/uploads\/2025\/07\/VIBI-A3-LOW.jpg 1587w\" sizes=\"(max-width: 735px) 100vw, 735px\" \/><\/figure>\n<\/div>\n\n\n\n<div class=\"wp-block-column is-layout-flow wp-block-column-is-layout-flow\" style=\"flex-basis:66.66%\">\n<div style=\"height:100px\" aria-hidden=\"true\" class=\"wp-block-spacer\"><\/div>\n\n\n\n<p class=\"has-text-align-left\"><strong>VIBI AURA<\/strong> es cantante, compositora y artista valenciana cuya m\u00fasica es pop et\u00e9reo y cinematogr\u00e1fico, vulnerable pero con car\u00e1cter: una mezcla entre lo \u00edntimo y lo electr\u00f3nico, con letras que abrazan lo que no siempre se dice en voz alta. A trav\u00e9s de sus canciones habla de salud mental, amistades que duelen, la rapidez de la vida y la belleza que a veces se esconde en el caos, en el <em>JALEO<\/em>.<\/p>\n\n\n\n<p class=\"has-text-align-left\">Este 16 de julio presenta <strong><em>\u00abJaleo\u00bb<\/em><\/strong>, su nuevo EP, con un <em>showcase <\/em>muy especial en <strong>CAFE LA PALMA<\/strong>. Una invitaci\u00f3n a parar, mirar hacia adentro, bailar, llorar y sentir sin miedo. Un directo cuidado con canciones que florecen desde la ra\u00edz.<\/p>\n\n\n\n<p class=\"has-text-align-right\"><em><a href=\"https:\/\/open.spotify.com\/intl-es\/artist\/4GCOmcSo32EjNKTP4OLeJR?si=yEMFgWvYSYOT-BXaS6YRVg\">Escucha a <\/a><\/em><strong><a href=\"https:\/\/open.spotify.com\/intl-es\/artist\/4GCOmcSo32EjNKTP4OLeJR?si=yEMFgWvYSYOT-BXaS6YRVg\">VIBI AURA<\/a><\/strong><em><a href=\"https:\/\/open.spotify.com\/intl-es\/artist\/4GCOmcSo32EjNKTP4OLeJR?si=yEMFgWvYSYOT-BXaS6YRVg\"> en <\/a><\/em><strong><a href=\"https:\/\/open.spotify.com\/intl-es\/artist\/4GCOmcSo32EjNKTP4OLeJR?si=yEMFgWvYSYOT-BXaS6YRVg\">Spotify<\/a><\/strong><\/p>\n<\/div>\n<\/div>\n\n\n\n<div style=\"height:100px\" aria-hidden=\"true\" class=\"wp-block-spacer\"><\/div>\n\n\n\n<hr class=\"wp-block-separator has-alpha-channel-opacity\"\/>\n\n\n\n<div style=\"height:100px\" aria-hidden=\"true\" class=\"wp-block-spacer\"><\/div>","excerpt":"","slug":"vibi-aura-presenta-jaleo","image":{"url":"https:\/\/test.cafelapalma.com\/wp-content\/uploads\/2025\/07\/VIBIPIC.jpg","id":31547,"extension":"jpg","width":1366,"height":2048,"filesize":634714,"sizes":{"medium":{"width":200,"height":300,"mime-type":"image\/jpeg","filesize":16104,"url":"https:\/\/test.cafelapalma.com\/wp-content\/uploads\/2025\/07\/VIBIPIC-200x300.jpg"},"large":{"width":694,"height":1040,"mime-type":"image\/jpeg","filesize":136885,"url":"https:\/\/test.cafelapalma.com\/wp-content\/uploads\/2025\/07\/VIBIPIC-694x1040.jpg"},"thumbnail":{"width":150,"height":150,"mime-type":"image\/jpeg","filesize":6973,"url":"https:\/\/test.cafelapalma.com\/wp-content\/uploads\/2025\/07\/VIBIPIC-150x150.jpg"},"medium_large":{"width":768,"height":1151,"mime-type":"image\/jpeg","filesize":161022,"url":"https:\/\/test.cafelapalma.com\/wp-content\/uploads\/2025\/07\/VIBIPIC-768x1151.jpg"},"1536x1536":{"width":1025,"height":1536,"mime-type":"image\/jpeg","filesize":263294,"url":"https:\/\/test.cafelapalma.com\/wp-content\/uploads\/2025\/07\/VIBIPIC-1025x1536.jpg"},"trp-custom-language-flag":{"width":8,"height":12,"mime-type":"image\/jpeg","filesize":336,"url":"https:\/\/test.cafelapalma.com\/wp-content\/uploads\/2025\/07\/VIBIPIC-8x12.jpg"},"blossom-feminine-slider":{"width":1366,"height":649,"mime-type":"image\/jpeg","filesize":163354,"url":"https:\/\/test.cafelapalma.com\/wp-content\/uploads\/2025\/07\/VIBIPIC-1366x649.jpg"},"blossom-feminine-featured":{"width":1366,"height":600,"mime-type":"image\/jpeg","filesize":152804,"url":"https:\/\/test.cafelapalma.com\/wp-content\/uploads\/2025\/07\/VIBIPIC-1366x600.jpg"},"blossom-feminine-with-sidebar":{"width":1020,"height":600,"mime-type":"image\/jpeg","filesize":108637,"url":"https:\/\/test.cafelapalma.com\/wp-content\/uploads\/2025\/07\/VIBIPIC-1020x600.jpg"},"blossom-feminine-blog":{"width":435,"height":435,"mime-type":"image\/jpeg","filesize":47243,"url":"https:\/\/test.cafelapalma.com\/wp-content\/uploads\/2025\/07\/VIBIPIC-435x435.jpg"},"blossom-feminine-cat":{"width":450,"height":300,"mime-type":"image\/jpeg","filesize":33585,"url":"https:\/\/test.cafelapalma.com\/wp-content\/uploads\/2025\/07\/VIBIPIC-450x300.jpg"},"blossom-feminine-related":{"width":320,"height":200,"mime-type":"image\/jpeg","filesize":17509,"url":"https:\/\/test.cafelapalma.com\/wp-content\/uploads\/2025\/07\/VIBIPIC-320x200.jpg"},"blossom-feminine-schema":{"width":40,"height":60,"mime-type":"image\/jpeg","filesize":1102,"url":"https:\/\/test.cafelapalma.com\/wp-content\/uploads\/2025\/07\/VIBIPIC-40x60.jpg"}}},"all_day":false,"start_date":"2025-07-16 21:00:00","start_date_details":{"year":"2025","month":"07","day":"16","hour":"21","minutes":"00","seconds":"00"},"end_date":"2025-07-16 23:00:00","end_date_details":{"year":"2025","month":"07","day":"16","hour":"23","minutes":"00","seconds":"00"},"utc_start_date":"2025-07-16 19:00:00","utc_start_date_details":{"year":"2025","month":"07","day":"16","hour":"19","minutes":"00","seconds":"00"},"utc_end_date":"2025-07-16 21:00:00","utc_end_date_details":{"year":"2025","month":"07","day":"16","hour":"21","minutes":"00","seconds":"00"},"timezone":"Europe\/Madrid","timezone_abbr":"","cost":"ENTRADAS POR INVITACI\u00d3N","cost_details":{"currency_symbol":"\u20ac","currency_code":"USD","currency_position":"suffix","values":["entradas-por-invitacion"]},"website":"","show_map":false,"show_map_link":false,"hide_from_listings":false,"sticky":false,"featured":false,"categories":[{"name":"Concierto","slug":"concierto","term_group":0,"term_taxonomy_id":8963,"taxonomy":"tribe_events_cat","description":"","parent":0,"count":952,"filter":"raw","id":8963,"urls":{"self":"https:\/\/test.cafelapalma.com\/en\/wp-json\/tribe\/events\/v1\/categories\/8963","collection":"https:\/\/test.cafelapalma.com\/en\/wp-json\/tribe\/events\/v1\/categories"}}],"tags":[{"name":"AU AU","slug":"au-au","term_group":0,"term_taxonomy_id":17747,"taxonomy":"post_tag","description":"","parent":0,"count":1,"filter":"raw","id":17748,"urls":{"self":"https:\/\/test.cafelapalma.com\/en\/wp-json\/tribe\/events\/v1\/tags\/17748","collection":"https:\/\/test.cafelapalma.com\/en\/wp-json\/tribe\/events\/v1\/tags"}},{"name":"Caf\u00e9 la Palma","slug":"cafe-la-palma","term_group":0,"term_taxonomy_id":79,"taxonomy":"post_tag","description":"","parent":0,"count":1494,"filter":"raw","id":1363,"urls":{"self":"https:\/\/test.cafelapalma.com\/en\/wp-json\/tribe\/events\/v1\/tags\/1363","collection":"https:\/\/test.cafelapalma.com\/en\/wp-json\/tribe\/events\/v1\/tags"}},{"name":"cafe la palma","slug":"cafe-la-palma-2","term_group":0,"term_taxonomy_id":8869,"taxonomy":"post_tag","description":"","parent":0,"count":934,"filter":"raw","id":8869,"urls":{"self":"https:\/\/test.cafelapalma.com\/en\/wp-json\/tribe\/events\/v1\/tags\/8869","collection":"https:\/\/test.cafelapalma.com\/en\/wp-json\/tribe\/events\/v1\/tags"}},{"name":"Conciertos Cafe La Palma","slug":"conciertos-cafe-la-palma","term_group":0,"term_taxonomy_id":2865,"taxonomy":"post_tag","description":"","parent":0,"count":1007,"filter":"raw","id":2865,"urls":{"self":"https:\/\/test.cafelapalma.com\/en\/wp-json\/tribe\/events\/v1\/tags\/2865","collection":"https:\/\/test.cafelapalma.com\/en\/wp-json\/tribe\/events\/v1\/tags"}},{"name":"Conciertos Madrid","slug":"conciertos-madrid","term_group":0,"term_taxonomy_id":9147,"taxonomy":"post_tag","description":"","parent":0,"count":965,"filter":"raw","id":9147,"urls":{"self":"https:\/\/test.cafelapalma.com\/en\/wp-json\/tribe\/events\/v1\/tags\/9147","collection":"https:\/\/test.cafelapalma.com\/en\/wp-json\/tribe\/events\/v1\/tags"}},{"name":"Conciertos Malasa\u00f1a","slug":"conciertos-malasana","term_group":0,"term_taxonomy_id":9146,"taxonomy":"post_tag","description":"","parent":0,"count":1027,"filter":"raw","id":9146,"urls":{"self":"https:\/\/test.cafelapalma.com\/en\/wp-json\/tribe\/events\/v1\/tags\/9146","collection":"https:\/\/test.cafelapalma.com\/en\/wp-json\/tribe\/events\/v1\/tags"}},{"name":"En MAdrid","slug":"en-madrid","term_group":0,"term_taxonomy_id":17743,"taxonomy":"post_tag","description":"","parent":0,"count":1,"filter":"raw","id":17744,"urls":{"self":"https:\/\/test.cafelapalma.com\/en\/wp-json\/tribe\/events\/v1\/tags\/17744","collection":"https:\/\/test.cafelapalma.com\/en\/wp-json\/tribe\/events\/v1\/tags"}},{"name":"Jaleo","slug":"jaleo","term_group":0,"term_taxonomy_id":9636,"taxonomy":"post_tag","description":"","parent":0,"count":3,"filter":"raw","id":9636,"urls":{"self":"https:\/\/test.cafelapalma.com\/en\/wp-json\/tribe\/events\/v1\/tags\/9636","collection":"https:\/\/test.cafelapalma.com\/en\/wp-json\/tribe\/events\/v1\/tags"}},{"name":"Loca","slug":"loca","term_group":0,"term_taxonomy_id":17745,"taxonomy":"post_tag","description":"","parent":0,"count":1,"filter":"raw","id":17746,"urls":{"self":"https:\/\/test.cafelapalma.com\/en\/wp-json\/tribe\/events\/v1\/tags\/17746","collection":"https:\/\/test.cafelapalma.com\/en\/wp-json\/tribe\/events\/v1\/tags"}},{"name":"No Busco Nada","slug":"no-busco-nada","term_group":0,"term_taxonomy_id":17746,"taxonomy":"post_tag","description":"","parent":0,"count":1,"filter":"raw","id":17747,"urls":{"self":"https:\/\/test.cafelapalma.com\/en\/wp-json\/tribe\/events\/v1\/tags\/17747","collection":"https:\/\/test.cafelapalma.com\/en\/wp-json\/tribe\/events\/v1\/tags"}},{"name":"No Quiero Esperar","slug":"no-quiero-esperar","term_group":0,"term_taxonomy_id":17744,"taxonomy":"post_tag","description":"","parent":0,"count":1,"filter":"raw","id":17745,"urls":{"self":"https:\/\/test.cafelapalma.com\/en\/wp-json\/tribe\/events\/v1\/tags\/17745","collection":"https:\/\/test.cafelapalma.com\/en\/wp-json\/tribe\/events\/v1\/tags"}},{"name":"Pop","slug":"pop","term_group":0,"term_taxonomy_id":567,"taxonomy":"post_tag","description":"","parent":0,"count":523,"filter":"raw","id":1355,"urls":{"self":"https:\/\/test.cafelapalma.com\/en\/wp-json\/tribe\/events\/v1\/tags\/1355","collection":"https:\/\/test.cafelapalma.com\/en\/wp-json\/tribe\/events\/v1\/tags"}},{"name":"Vibi Aura","slug":"vibi-aura","term_group":0,"term_taxonomy_id":17742,"taxonomy":"post_tag","description":"","parent":0,"count":1,"filter":"raw","id":17743,"urls":{"self":"https:\/\/test.cafelapalma.com\/en\/wp-json\/tribe\/events\/v1\/tags\/17743","collection":"https:\/\/test.cafelapalma.com\/en\/wp-json\/tribe\/events\/v1\/tags"}}],"venue":[],"organizer":[],"custom_fields":[],"json_ld":{"@context":"http:\/\/schema.org","@type":"Event","name":"VIBI AURA","description":"&lt;p&gt;VIBI AURA es cantante, compositora y artista valenciana cuya m\u00fasica  [...]&lt;\/p&gt;\\n","image":"https:\/\/test.cafelapalma.com\/wp-content\/uploads\/2025\/07\/VIBIPIC.jpg","url":"https:\/\/test.cafelapalma.com\/en\/programacion\/vibi-aura-presenta-jaleo\/","eventAttendanceMode":"https:\/\/schema.org\/OfflineEventAttendanceMode","eventStatus":"https:\/\/schema.org\/EventScheduled","startDate":"2025-07-16T21:00:00+02:00","endDate":"2025-07-16T23:00:00+02:00","offers":{"@type":"Offer","price":"ENTRADAS POR INVITACI\u00d3N","priceCurrency":"USD","url":"https:\/\/test.cafelapalma.com\/en\/programacion\/vibi-aura-presenta-jaleo\/","category":"primary","availability":"inStock","validFrom":"2025-09-07T00:00:00+00:00"},"performer":"Organization"},"is_virtual":false,"virtual_url":null,"virtual_video_source":""}