{"id":32873,"global_id":"test.cafelapalma.com\/en?id=32873","global_id_lineage":["test.cafelapalma.com\/en?id=32873"],"author":"2","status":"publish","date":"2025-12-24 10:33:01","date_utc":"2025-12-24 09:33:01","modified":"2026-01-30 12:42:46","modified_utc":"2026-01-30 11:42:46","url":"https:\/\/test.cafelapalma.com\/en\/programacion\/mia-berlin-the-living-room-session\/","rest_url":"https:\/\/test.cafelapalma.com\/en\/wp-json\/tribe\/events\/v1\/events\/32873","title":"M\u00cdA BERL\u00cdN: THE LIVING ROOM SESSION","description":"<div  class=\"tribe-events-schedule tribe-clearfix\" >\n\t<p class=\"tribe-events-schedule__datetime\">\n\t\t<span class=\"tribe-events-schedule__date tribe-events-schedule__date--start\">\n\t\t\t\t\t<\/span>\n\n\t\t\t\t\t<span class=\"tribe-events-schedule__separator tribe-events-schedule__separator--date\">\n\t\t\t\t@\t\t\t<\/span>\n\t\t\t<span class=\"tribe-events-schedule__time tribe-events-schedule__time--start\">\n\t\t\t\t\t\t\t<\/span>\n\t\t\n\t\t\t<\/p>\n<\/div>\n\n\n<div  class=\"tribe-block tribe-block__event-price\" >\n\t\t\t\t<span class=\"tribe-block__event-price__description\">Anticipada | 15\u20ac Taquilla<\/span>\n\t<\/div>\n\n\n\n<div style=\"height:100px\" aria-hidden=\"true\" class=\"wp-block-spacer\"><\/div>\n\n\n\n<div class=\"wp-block-columns is-layout-flex wp-container-core-columns-is-layout-9d6595d7 wp-block-columns-is-layout-flex\">\n<div class=\"wp-block-column is-layout-flow wp-block-column-is-layout-flow\" style=\"flex-basis:33.33%\">\n<figure class=\"wp-block-image size-large\"><img decoding=\"async\" width=\"832\" height=\"1040\" src=\"https:\/\/test.cafelapalma.com\/wp-content\/uploads\/2025\/12\/POST_MIA-BERLIN-CAFE-LA-PALMA-1-1-2-832x1040.jpg\" alt=\"\" class=\"wp-image-33245\" srcset=\"https:\/\/test.cafelapalma.com\/wp-content\/uploads\/2025\/12\/POST_MIA-BERLIN-CAFE-LA-PALMA-1-1-2-10x12.jpg 10w, https:\/\/test.cafelapalma.com\/wp-content\/uploads\/2025\/12\/POST_MIA-BERLIN-CAFE-LA-PALMA-1-1-2-48x60.jpg 48w, https:\/\/test.cafelapalma.com\/wp-content\/uploads\/2025\/12\/POST_MIA-BERLIN-CAFE-LA-PALMA-1-1-2-240x300.jpg 240w, https:\/\/test.cafelapalma.com\/wp-content\/uploads\/2025\/12\/POST_MIA-BERLIN-CAFE-LA-PALMA-1-1-2-768x960.jpg 768w, https:\/\/test.cafelapalma.com\/wp-content\/uploads\/2025\/12\/POST_MIA-BERLIN-CAFE-LA-PALMA-1-1-2-832x1040.jpg 832w, https:\/\/test.cafelapalma.com\/wp-content\/uploads\/2025\/12\/POST_MIA-BERLIN-CAFE-LA-PALMA-1-1-2.jpg 1080w\" sizes=\"(max-width: 832px) 100vw, 832px\" \/><\/figure>\n\n\n<\/div>\n\n\n\n<div class=\"wp-block-column is-layout-flow wp-block-column-is-layout-flow\" style=\"flex-basis:66.66%\">\n<p class=\"has-text-align-left\"><strong>Marta Berl\u00edn<\/strong> es una joven artista y compositora madrile\u00f1a que ha captado la atenci\u00f3n de la industria con su talento para la composici\u00f3n y su capacidad para fusionar el pop con una profunda melancol\u00eda.&nbsp;<\/p>\n\n\n\n<p class=\"has-text-align-left\">Nacida en Madrid, pero con una infancia marcada por su estancia en Nueva York, desarroll\u00f3 su educaci\u00f3n musical desde peque\u00f1a y comenz\u00f3 a escribir canciones a una edad temprana.&nbsp;<\/p>\n\n\n\n<p class=\"has-text-align-left\">La creatividad la desborda, y adem\u00e1s de interpretar su propia m\u00fasica tambi\u00e9n compone para otros artistas, y desde hace unos meses se incopor\u00f3 como bajista a <strong>LA LA LOVE YOU<\/strong>, un paso que impulsar\u00e1 sin duda su presencia musical en la escena nacional.<\/p>\n\n\n\n<p class=\"has-text-align-left\">En este concierto presenta temas de reciente lanzamiento, como <strong>Agua de Sal<\/strong>, en las que combina elementos org\u00e1nicos y electr\u00f3nicos con un m\u00e1gico equilibrio y mucha personalidad.<\/p>\n\n\n\n<p class=\"has-text-align-right\"><a href=\"https:\/\/open.spotify.com\/intl-es\/artist\/6pHlNGKW4LocYmaU9DFVTX?si=sYqvDSu3QFK21X5U_35JaA\"><em>Escucha a <\/em><strong>M\u00cdA BERL\u00cdN<\/strong> <em>en <\/em><strong>Spotify<\/strong><\/a><\/p>\n<\/div>\n<\/div>\n\n\n\n<div style=\"height:100px\" aria-hidden=\"true\" class=\"wp-block-spacer\"><\/div>","excerpt":"","slug":"mia-berlin-the-living-room-session","image":{"url":"https:\/\/test.cafelapalma.com\/wp-content\/uploads\/2025\/12\/mia-berljn-foto-1.png","id":32875,"extension":"png","width":1262,"height":1260,"filesize":267069,"sizes":{"medium":{"width":300,"height":300,"mime-type":"image\/png","filesize":43039,"url":"https:\/\/test.cafelapalma.com\/wp-content\/uploads\/2025\/12\/mia-berljn-foto-1-300x300.png"},"large":{"width":1040,"height":1038,"mime-type":"image\/png","filesize":457155,"url":"https:\/\/test.cafelapalma.com\/wp-content\/uploads\/2025\/12\/mia-berljn-foto-1-1040x1038.png"},"thumbnail":{"width":150,"height":150,"mime-type":"image\/png","filesize":14605,"url":"https:\/\/test.cafelapalma.com\/wp-content\/uploads\/2025\/12\/mia-berljn-foto-1-150x150.png"},"medium_large":{"width":768,"height":767,"mime-type":"image\/png","filesize":231312,"url":"https:\/\/test.cafelapalma.com\/wp-content\/uploads\/2025\/12\/mia-berljn-foto-1-768x767.png"},"trp-custom-language-flag":{"width":12,"height":12,"mime-type":"image\/png","filesize":557,"url":"https:\/\/test.cafelapalma.com\/wp-content\/uploads\/2025\/12\/mia-berljn-foto-1-12x12.png"},"blossom-feminine-slider":{"width":1262,"height":649,"mime-type":"image\/png","filesize":162608,"url":"https:\/\/test.cafelapalma.com\/wp-content\/uploads\/2025\/12\/mia-berljn-foto-1-1262x649.png"},"blossom-feminine-featured":{"width":1262,"height":600,"mime-type":"image\/png","filesize":150494,"url":"https:\/\/test.cafelapalma.com\/wp-content\/uploads\/2025\/12\/mia-berljn-foto-1-1262x600.png"},"blossom-feminine-with-sidebar":{"width":1020,"height":600,"mime-type":"image\/png","filesize":268318,"url":"https:\/\/test.cafelapalma.com\/wp-content\/uploads\/2025\/12\/mia-berljn-foto-1-1020x600.png"},"blossom-feminine-blog":{"width":435,"height":435,"mime-type":"image\/png","filesize":76138,"url":"https:\/\/test.cafelapalma.com\/wp-content\/uploads\/2025\/12\/mia-berljn-foto-1-435x435.png"},"blossom-feminine-cat":{"width":450,"height":300,"mime-type":"image\/png","filesize":57832,"url":"https:\/\/test.cafelapalma.com\/wp-content\/uploads\/2025\/12\/mia-berljn-foto-1-450x300.png"},"blossom-feminine-related":{"width":320,"height":200,"mime-type":"image\/png","filesize":31481,"url":"https:\/\/test.cafelapalma.com\/wp-content\/uploads\/2025\/12\/mia-berljn-foto-1-320x200.png"},"blossom-feminine-schema":{"width":60,"height":60,"mime-type":"image\/png","filesize":3378,"url":"https:\/\/test.cafelapalma.com\/wp-content\/uploads\/2025\/12\/mia-berljn-foto-1-60x60.png"}}},"all_day":false,"start_date":"2026-01-30 21:00:00","start_date_details":{"year":"2026","month":"01","day":"30","hour":"21","minutes":"00","seconds":"00"},"end_date":"2026-01-30 23:45:00","end_date_details":{"year":"2026","month":"01","day":"30","hour":"23","minutes":"45","seconds":"00"},"utc_start_date":"2026-01-30 20:00:00","utc_start_date_details":{"year":"2026","month":"01","day":"30","hour":"20","minutes":"00","seconds":"00"},"utc_end_date":"2026-01-30 22:45:00","utc_end_date_details":{"year":"2026","month":"01","day":"30","hour":"22","minutes":"45","seconds":"00"},"timezone":"Europe\/Madrid","timezone_abbr":"","cost":"13\u20ac","cost_details":{"currency_symbol":"\u20ac","currency_code":"USD","currency_position":"suffix","values":["13"]},"website":"https:\/\/www.passline.com\/eventos\/mia-berlin","show_map":false,"show_map_link":false,"hide_from_listings":false,"sticky":true,"featured":true,"categories":[{"name":"Concierto","slug":"concierto","term_group":0,"term_taxonomy_id":8963,"taxonomy":"tribe_events_cat","description":"","parent":0,"count":952,"filter":"raw","id":8963,"urls":{"self":"https:\/\/test.cafelapalma.com\/en\/wp-json\/tribe\/events\/v1\/categories\/8963","collection":"https:\/\/test.cafelapalma.com\/en\/wp-json\/tribe\/events\/v1\/categories"}}],"tags":[{"name":"agua de sal","slug":"agua-de-sal","term_group":0,"term_taxonomy_id":18198,"taxonomy":"post_tag","description":"","parent":0,"count":1,"filter":"raw","id":18199,"urls":{"self":"https:\/\/test.cafelapalma.com\/en\/wp-json\/tribe\/events\/v1\/tags\/18199","collection":"https:\/\/test.cafelapalma.com\/en\/wp-json\/tribe\/events\/v1\/tags"}},{"name":"Caf\u00e9 la Palma","slug":"cafe-la-palma","term_group":0,"term_taxonomy_id":79,"taxonomy":"post_tag","description":"","parent":0,"count":1494,"filter":"raw","id":1363,"urls":{"self":"https:\/\/test.cafelapalma.com\/en\/wp-json\/tribe\/events\/v1\/tags\/1363","collection":"https:\/\/test.cafelapalma.com\/en\/wp-json\/tribe\/events\/v1\/tags"}},{"name":"Conciertos Cafe La Palma","slug":"conciertos-cafe-la-palma","term_group":0,"term_taxonomy_id":2865,"taxonomy":"post_tag","description":"","parent":0,"count":1007,"filter":"raw","id":2865,"urls":{"self":"https:\/\/test.cafelapalma.com\/en\/wp-json\/tribe\/events\/v1\/tags\/2865","collection":"https:\/\/test.cafelapalma.com\/en\/wp-json\/tribe\/events\/v1\/tags"}},{"name":"Conciertos Madrid","slug":"conciertos-madrid","term_group":0,"term_taxonomy_id":9147,"taxonomy":"post_tag","description":"","parent":0,"count":965,"filter":"raw","id":9147,"urls":{"self":"https:\/\/test.cafelapalma.com\/en\/wp-json\/tribe\/events\/v1\/tags\/9147","collection":"https:\/\/test.cafelapalma.com\/en\/wp-json\/tribe\/events\/v1\/tags"}},{"name":"Conciertos Malasa\u00f1a","slug":"conciertos-malasana","term_group":0,"term_taxonomy_id":9146,"taxonomy":"post_tag","description":"","parent":0,"count":1027,"filter":"raw","id":9146,"urls":{"self":"https:\/\/test.cafelapalma.com\/en\/wp-json\/tribe\/events\/v1\/tags\/9146","collection":"https:\/\/test.cafelapalma.com\/en\/wp-json\/tribe\/events\/v1\/tags"}},{"name":"La La love You","slug":"la-la-love-you","term_group":0,"term_taxonomy_id":10288,"taxonomy":"post_tag","description":"","parent":0,"count":3,"filter":"raw","id":10288,"urls":{"self":"https:\/\/test.cafelapalma.com\/en\/wp-json\/tribe\/events\/v1\/tags\/10288","collection":"https:\/\/test.cafelapalma.com\/en\/wp-json\/tribe\/events\/v1\/tags"}},{"name":"m\u00eda berl\u00edn","slug":"mia-berlin","term_group":0,"term_taxonomy_id":18197,"taxonomy":"post_tag","description":"","parent":0,"count":1,"filter":"raw","id":18198,"urls":{"self":"https:\/\/test.cafelapalma.com\/en\/wp-json\/tribe\/events\/v1\/tags\/18198","collection":"https:\/\/test.cafelapalma.com\/en\/wp-json\/tribe\/events\/v1\/tags"}},{"name":"Pop","slug":"pop","term_group":0,"term_taxonomy_id":567,"taxonomy":"post_tag","description":"","parent":0,"count":523,"filter":"raw","id":1355,"urls":{"self":"https:\/\/test.cafelapalma.com\/en\/wp-json\/tribe\/events\/v1\/tags\/1355","collection":"https:\/\/test.cafelapalma.com\/en\/wp-json\/tribe\/events\/v1\/tags"}},{"name":"the living room session","slug":"the-living-room-session","term_group":0,"term_taxonomy_id":18199,"taxonomy":"post_tag","description":"","parent":0,"count":1,"filter":"raw","id":18200,"urls":{"self":"https:\/\/test.cafelapalma.com\/en\/wp-json\/tribe\/events\/v1\/tags\/18200","collection":"https:\/\/test.cafelapalma.com\/en\/wp-json\/tribe\/events\/v1\/tags"}}],"venue":[],"organizer":[],"custom_fields":[],"json_ld":{"@context":"http:\/\/schema.org","@type":"Event","name":"M\u00cdA BERL\u00cdN: THE LIVING ROOM SESSION","description":"&lt;p&gt;Marta Berl\u00edn es una joven artista y compositora madrile\u00f1a que  [...]&lt;\/p&gt;\\n","image":"https:\/\/test.cafelapalma.com\/wp-content\/uploads\/2025\/12\/mia-berljn-foto-1.png","url":"https:\/\/test.cafelapalma.com\/en\/programacion\/mia-berlin-the-living-room-session\/","eventAttendanceMode":"https:\/\/schema.org\/OfflineEventAttendanceMode","eventStatus":"https:\/\/schema.org\/EventScheduled","startDate":"2026-01-30T21:00:00+01:00","endDate":"2026-01-30T23:45:00+01:00","offers":{"@type":"Offer","price":"13","priceCurrency":"USD","url":"https:\/\/test.cafelapalma.com\/en\/programacion\/mia-berlin-the-living-room-session\/","category":"primary","availability":"inStock","validFrom":"1970-01-01T00:00:00+00:00"},"performer":"Organization"},"is_virtual":false,"virtual_url":null,"virtual_video_source":""}