{"id":33280,"global_id":"test.cafelapalma.com\/en?id=33280","global_id_lineage":["test.cafelapalma.com\/en?id=33280"],"author":"2","status":"publish","date":"2026-02-03 12:22:00","date_utc":"2026-02-03 11:22:00","modified":"2026-02-06 08:44:49","modified_utc":"2026-02-06 07:44:49","url":"https:\/\/test.cafelapalma.com\/en\/programacion\/querida-margot-vasck\/","rest_url":"https:\/\/test.cafelapalma.com\/en\/wp-json\/tribe\/events\/v1\/events\/33280","title":"QUERIDA MARGOT + VASCK","description":"<div  class=\"tribe-events-schedule tribe-clearfix\" >\n\t<p class=\"tribe-events-schedule__datetime\">\n\t\t<span class=\"tribe-events-schedule__date tribe-events-schedule__date--start\">\n\t\t\t\t\t<\/span>\n\n\t\t\t\t\t<span class=\"tribe-events-schedule__separator tribe-events-schedule__separator--date\">\n\t\t\t\t@\t\t\t<\/span>\n\t\t\t<span class=\"tribe-events-schedule__time tribe-events-schedule__time--start\">\n\t\t\t\t\t\t\t<\/span>\n\t\t\n\t\t\t<\/p>\n<\/div>\n\n\n<div  class=\"tribe-block tribe-block__event-price\" >\n\t\t\t\t<span class=\"tribe-block__event-price__description\">+ gg Anticipada | 12\u20ac Taquilla<\/span>\n\t<\/div>\n\n\n\n<div class=\"wp-block-columns is-layout-flex wp-container-core-columns-is-layout-9d6595d7 wp-block-columns-is-layout-flex\">\n<div class=\"wp-block-column is-layout-flow wp-block-column-is-layout-flow\" style=\"flex-basis:33.33%\">\n<figure class=\"wp-block-image size-large\"><img decoding=\"async\" width=\"832\" height=\"1040\" src=\"https:\/\/test.cafelapalma.com\/wp-content\/uploads\/2026\/02\/QMVASCK_POST-1-832x1040.jpg\" alt=\"\" class=\"wp-image-33281\" srcset=\"https:\/\/test.cafelapalma.com\/wp-content\/uploads\/2026\/02\/QMVASCK_POST-1-10x12.jpg 10w, https:\/\/test.cafelapalma.com\/wp-content\/uploads\/2026\/02\/QMVASCK_POST-1-48x60.jpg 48w, https:\/\/test.cafelapalma.com\/wp-content\/uploads\/2026\/02\/QMVASCK_POST-1-240x300.jpg 240w, https:\/\/test.cafelapalma.com\/wp-content\/uploads\/2026\/02\/QMVASCK_POST-1-768x960.jpg 768w, https:\/\/test.cafelapalma.com\/wp-content\/uploads\/2026\/02\/QMVASCK_POST-1-832x1040.jpg 832w, https:\/\/test.cafelapalma.com\/wp-content\/uploads\/2026\/02\/QMVASCK_POST-1.jpg 1080w\" sizes=\"(max-width: 832px) 100vw, 832px\" \/><\/figure>\n\n\n<\/div>\n\n\n\n<div class=\"wp-block-column is-layout-flow wp-block-column-is-layout-flow\" style=\"flex-basis:66.66%\">\n<div style=\"height:100px\" aria-hidden=\"true\" class=\"wp-block-spacer\"><\/div>\n\n\n\n<p class=\"has-text-align-left\"><strong>Querida Margot<\/strong>&nbsp;presenta&nbsp;<strong>Deuce<\/strong>, su segundo disco de estudio, un paso adelante que consolida el sonido y la personalidad de una banda en plena evoluci\u00f3n creativa. Con un rock potente, elegante y con empaque, el grupo reafirma su identidad a trav\u00e9s de canciones con una honestidad l\u00edrica poco habitual.<\/p>\n\n\n\n<p class=\"has-text-align-left\">Formados en 2022 han construido su trayectoria sobre la energ\u00eda de los escenarios. M\u00e1s de un centenar de conciertos despu\u00e9s,&nbsp;<strong>Querida Margot<\/strong>&nbsp;se ha ganado al p\u00fablico con una puesta en escena cuidada y un directo vibrante que convierte cada actuaci\u00f3n en una experiencia de rock\u2019n\u2019roll aut\u00e9ntico.<\/p>\n\n\n\n<p class=\"has-text-align-left\">El 19 de marzo <strong>Querida Margot<\/strong> presentar\u00e1 <strong>Deuce<\/strong> en lo que ser\u00e1 su <strong>regreso a los escenarios<\/strong> tras el accidente sufrido por Nacho (Voz y guitarra) que les ha mantenido lejos de las tablas durante los \u00faltimos meses.&nbsp;<\/p>\n\n\n\n<p class=\"has-text-align-right\"><a href=\"https:\/\/open.spotify.com\/intl-es\/artist\/2wsrY5mkLmd0cBhJ4kglox?si=Vwgtmu6gRsa_FwdDiEXhEg\"><em>Escucha a <\/em><strong>Querida Margot<\/strong> <em>en <\/em><strong>Spotify<\/strong>.<\/a><\/p>\n\n\n\n<p class=\"has-text-align-right\"><a href=\"https:\/\/open.spotify.com\/intl-es\/artist\/4kYck3972sJ1xvHwOttTjp?si=6zCfPENLSOWi8tV3QnpslQ\"><em>Escucha a<\/em> <strong>VASCK <\/strong><em>en<\/em><\/a><strong><em><a href=\"https:\/\/open.spotify.com\/intl-es\/artist\/4kYck3972sJ1xvHwOttTjp?si=6zCfPENLSOWi8tV3QnpslQ\"> <\/a><\/em><a href=\"https:\/\/open.spotify.com\/intl-es\/artist\/4kYck3972sJ1xvHwOttTjp?si=6zCfPENLSOWi8tV3QnpslQ\">Spotify<\/a>.<\/strong><\/p>\n<\/div>\n<\/div>","excerpt":"","slug":"querida-margot-vasck","image":{"url":"https:\/\/test.cafelapalma.com\/wp-content\/uploads\/2026\/02\/QMVASCK_POST-1-1.jpg","id":33282,"extension":"jpg","width":1080,"height":1350,"filesize":402904,"sizes":{"medium":{"width":240,"height":300,"mime-type":"image\/jpeg","filesize":27508,"url":"https:\/\/test.cafelapalma.com\/wp-content\/uploads\/2026\/02\/QMVASCK_POST-1-1-240x300.jpg"},"large":{"width":832,"height":1040,"mime-type":"image\/jpeg","filesize":237256,"url":"https:\/\/test.cafelapalma.com\/wp-content\/uploads\/2026\/02\/QMVASCK_POST-1-1-832x1040.jpg"},"thumbnail":{"width":150,"height":150,"mime-type":"image\/jpeg","filesize":9218,"url":"https:\/\/test.cafelapalma.com\/wp-content\/uploads\/2026\/02\/QMVASCK_POST-1-1-150x150.jpg"},"medium_large":{"width":768,"height":960,"mime-type":"image\/jpeg","filesize":206815,"url":"https:\/\/test.cafelapalma.com\/wp-content\/uploads\/2026\/02\/QMVASCK_POST-1-1-768x960.jpg"},"trp-custom-language-flag":{"width":10,"height":12,"mime-type":"image\/jpeg","filesize":421,"url":"https:\/\/test.cafelapalma.com\/wp-content\/uploads\/2026\/02\/QMVASCK_POST-1-1-10x12.jpg"},"blossom-feminine-slider":{"width":1080,"height":649,"mime-type":"image\/jpeg","filesize":252679,"url":"https:\/\/test.cafelapalma.com\/wp-content\/uploads\/2026\/02\/QMVASCK_POST-1-1-1080x649.jpg"},"blossom-feminine-featured":{"width":1080,"height":600,"mime-type":"image\/jpeg","filesize":241213,"url":"https:\/\/test.cafelapalma.com\/wp-content\/uploads\/2026\/02\/QMVASCK_POST-1-1-1080x600.jpg"},"blossom-feminine-with-sidebar":{"width":1020,"height":600,"mime-type":"image\/jpeg","filesize":201212,"url":"https:\/\/test.cafelapalma.com\/wp-content\/uploads\/2026\/02\/QMVASCK_POST-1-1-1020x600.jpg"},"blossom-feminine-blog":{"width":435,"height":435,"mime-type":"image\/jpeg","filesize":60629,"url":"https:\/\/test.cafelapalma.com\/wp-content\/uploads\/2026\/02\/QMVASCK_POST-1-1-435x435.jpg"},"blossom-feminine-cat":{"width":450,"height":300,"mime-type":"image\/jpeg","filesize":46534,"url":"https:\/\/test.cafelapalma.com\/wp-content\/uploads\/2026\/02\/QMVASCK_POST-1-1-450x300.jpg"},"blossom-feminine-related":{"width":320,"height":200,"mime-type":"image\/jpeg","filesize":23193,"url":"https:\/\/test.cafelapalma.com\/wp-content\/uploads\/2026\/02\/QMVASCK_POST-1-1-320x200.jpg"},"blossom-feminine-schema":{"width":48,"height":60,"mime-type":"image\/jpeg","filesize":1852,"url":"https:\/\/test.cafelapalma.com\/wp-content\/uploads\/2026\/02\/QMVASCK_POST-1-1-48x60.jpg"}}},"all_day":false,"start_date":"2026-03-19 21:00:00","start_date_details":{"year":"2026","month":"03","day":"19","hour":"21","minutes":"00","seconds":"00"},"end_date":"2026-03-19 23:45:00","end_date_details":{"year":"2026","month":"03","day":"19","hour":"23","minutes":"45","seconds":"00"},"utc_start_date":"2026-03-19 20:00:00","utc_start_date_details":{"year":"2026","month":"03","day":"19","hour":"20","minutes":"00","seconds":"00"},"utc_end_date":"2026-03-19 22:45:00","utc_end_date_details":{"year":"2026","month":"03","day":"19","hour":"22","minutes":"45","seconds":"00"},"timezone":"Europe\/Madrid","timezone_abbr":"","cost":"9\u20ac","cost_details":{"currency_symbol":"\u20ac","currency_code":"USD","currency_position":"suffix","values":["9"]},"website":"https:\/\/www.notikumi.com\/channel\/cafe-la-palma\/2026\/3\/19\/querida-margot-vasck","show_map":false,"show_map_link":false,"hide_from_listings":false,"sticky":false,"featured":false,"categories":[{"name":"Concierto","slug":"concierto","term_group":0,"term_taxonomy_id":8963,"taxonomy":"tribe_events_cat","description":"","parent":0,"count":952,"filter":"raw","id":8963,"urls":{"self":"https:\/\/test.cafelapalma.com\/en\/wp-json\/tribe\/events\/v1\/categories\/8963","collection":"https:\/\/test.cafelapalma.com\/en\/wp-json\/tribe\/events\/v1\/categories"}}],"tags":[{"name":"Blues","slug":"blues","term_group":0,"term_taxonomy_id":9710,"taxonomy":"post_tag","description":"","parent":0,"count":24,"filter":"raw","id":9710,"urls":{"self":"https:\/\/test.cafelapalma.com\/en\/wp-json\/tribe\/events\/v1\/tags\/9710","collection":"https:\/\/test.cafelapalma.com\/en\/wp-json\/tribe\/events\/v1\/tags"}},{"name":"Caf\u00e9 la Palma","slug":"cafe-la-palma","term_group":0,"term_taxonomy_id":79,"taxonomy":"post_tag","description":"","parent":0,"count":1494,"filter":"raw","id":1363,"urls":{"self":"https:\/\/test.cafelapalma.com\/en\/wp-json\/tribe\/events\/v1\/tags\/1363","collection":"https:\/\/test.cafelapalma.com\/en\/wp-json\/tribe\/events\/v1\/tags"}},{"name":"cafe la palma","slug":"cafe-la-palma-2","term_group":0,"term_taxonomy_id":8869,"taxonomy":"post_tag","description":"","parent":0,"count":934,"filter":"raw","id":8869,"urls":{"self":"https:\/\/test.cafelapalma.com\/en\/wp-json\/tribe\/events\/v1\/tags\/8869","collection":"https:\/\/test.cafelapalma.com\/en\/wp-json\/tribe\/events\/v1\/tags"}},{"name":"Conciertos Cafe La Palma","slug":"conciertos-cafe-la-palma","term_group":0,"term_taxonomy_id":2865,"taxonomy":"post_tag","description":"","parent":0,"count":1007,"filter":"raw","id":2865,"urls":{"self":"https:\/\/test.cafelapalma.com\/en\/wp-json\/tribe\/events\/v1\/tags\/2865","collection":"https:\/\/test.cafelapalma.com\/en\/wp-json\/tribe\/events\/v1\/tags"}},{"name":"Conciertos Madrid","slug":"conciertos-madrid","term_group":0,"term_taxonomy_id":9147,"taxonomy":"post_tag","description":"","parent":0,"count":965,"filter":"raw","id":9147,"urls":{"self":"https:\/\/test.cafelapalma.com\/en\/wp-json\/tribe\/events\/v1\/tags\/9147","collection":"https:\/\/test.cafelapalma.com\/en\/wp-json\/tribe\/events\/v1\/tags"}},{"name":"Conciertos Malasa\u00f1a","slug":"conciertos-malasana","term_group":0,"term_taxonomy_id":9146,"taxonomy":"post_tag","description":"","parent":0,"count":1027,"filter":"raw","id":9146,"urls":{"self":"https:\/\/test.cafelapalma.com\/en\/wp-json\/tribe\/events\/v1\/tags\/9146","collection":"https:\/\/test.cafelapalma.com\/en\/wp-json\/tribe\/events\/v1\/tags"}},{"name":"deuce","slug":"deuce","term_group":0,"term_taxonomy_id":18300,"taxonomy":"post_tag","description":"","parent":0,"count":1,"filter":"raw","id":18301,"urls":{"self":"https:\/\/test.cafelapalma.com\/en\/wp-json\/tribe\/events\/v1\/tags\/18301","collection":"https:\/\/test.cafelapalma.com\/en\/wp-json\/tribe\/events\/v1\/tags"}},{"name":"Pop","slug":"pop","term_group":0,"term_taxonomy_id":567,"taxonomy":"post_tag","description":"","parent":0,"count":523,"filter":"raw","id":1355,"urls":{"self":"https:\/\/test.cafelapalma.com\/en\/wp-json\/tribe\/events\/v1\/tags\/1355","collection":"https:\/\/test.cafelapalma.com\/en\/wp-json\/tribe\/events\/v1\/tags"}},{"name":"querida margot","slug":"querida-margot","term_group":0,"term_taxonomy_id":18298,"taxonomy":"post_tag","description":"","parent":0,"count":1,"filter":"raw","id":18299,"urls":{"self":"https:\/\/test.cafelapalma.com\/en\/wp-json\/tribe\/events\/v1\/tags\/18299","collection":"https:\/\/test.cafelapalma.com\/en\/wp-json\/tribe\/events\/v1\/tags"}},{"name":"Rock","slug":"rock","term_group":0,"term_taxonomy_id":566,"taxonomy":"post_tag","description":"","parent":0,"count":273,"filter":"raw","id":1354,"urls":{"self":"https:\/\/test.cafelapalma.com\/en\/wp-json\/tribe\/events\/v1\/tags\/1354","collection":"https:\/\/test.cafelapalma.com\/en\/wp-json\/tribe\/events\/v1\/tags"}},{"name":"vask","slug":"vask","term_group":0,"term_taxonomy_id":18299,"taxonomy":"post_tag","description":"","parent":0,"count":1,"filter":"raw","id":18300,"urls":{"self":"https:\/\/test.cafelapalma.com\/en\/wp-json\/tribe\/events\/v1\/tags\/18300","collection":"https:\/\/test.cafelapalma.com\/en\/wp-json\/tribe\/events\/v1\/tags"}}],"venue":[],"organizer":[],"custom_fields":[],"json_ld":{"@context":"http:\/\/schema.org","@type":"Event","name":"QUERIDA MARGOT + VASCK","description":"&lt;p&gt;Querida Margot&nbsp;presenta&nbsp;Deuce, su segundo disco de estudio, un paso adelante  [...]&lt;\/p&gt;\\n","image":"https:\/\/test.cafelapalma.com\/wp-content\/uploads\/2026\/02\/QMVASCK_POST-1-1.jpg","url":"https:\/\/test.cafelapalma.com\/en\/programacion\/querida-margot-vasck\/","eventAttendanceMode":"https:\/\/schema.org\/OfflineEventAttendanceMode","eventStatus":"https:\/\/schema.org\/EventScheduled","startDate":"2026-03-19T21:00:00+01:00","endDate":"2026-03-19T23:45:00+01:00","offers":{"@type":"Offer","price":"9","priceCurrency":"USD","url":"https:\/\/test.cafelapalma.com\/en\/programacion\/querida-margot-vasck\/","category":"primary","availability":"inStock","validFrom":"2026-03-02T00:00:00+00:00"},"performer":"Organization"},"is_virtual":false,"virtual_url":null,"virtual_video_source":""}